{"id":999,"date":"2025-04-28T10:48:15","date_gmt":"2025-04-28T13:48:15","guid":{"rendered":"https:\/\/educadoramoc.com\/?p=999"},"modified":"2025-04-28T10:48:16","modified_gmt":"2025-04-28T13:48:16","slug":"dupla-sertaneja-anunciou-o-fim-apos-mais-de-50-anos-de-carreira","status":"publish","type":"post","link":"https:\/\/educadoramoc.com\/?p=999","title":{"rendered":"Dupla Sertaneja anunciou o fim ap\u00f3s mais de 50 anos de carreira"},"content":{"rendered":"\n<p><a href=\"https:\/\/www.facebook.com\/sharer.php?u=https%3A%2F%2Fsertanejotododia.com.br%2Fdupla-sertaneja-anunciou-o-fim-apos-mais-de-50-anos-de-carreira%2F\"><br><\/a><a href=\"https:\/\/twitter.com\/intent\/tweet?text=Dupla+Sertaneja+anunciou+o+fim+ap%C3%B3s+mais+de+50+anos+de+carreira&amp;url=https%3A%2F%2Fsertanejotododia.com.br%2Fdupla-sertaneja-anunciou-o-fim-apos-mais-de-50-anos-de-carreira%2F&amp;via=\"><\/a><a href=\"https:\/\/sertanejotododia.com.br\/dupla-sertaneja-anunciou-o-fim-apos-mais-de-50-anos-de-carreira\/#\"><\/a><a href=\"javascript:if(window.print)window.print()\"><\/a><a href=\"https:\/\/sertanejotododia.com.br\/dupla-sertaneja-anunciou-o-fim-apos-mais-de-50-anos-de-carreira\/#\"><\/a><\/p>\n\n\n\n<p>A trajet\u00f3ria de uma das duplas mais emblem\u00e1ticas da m\u00fasica brasileira chega ao fim. No \u00faltimo s\u00e1bado (26), Luiz Carlos S\u00e1 e Guttemberg Guarabyra oficializaram a separa\u00e7\u00e3o da dupla S\u00e1 &amp; Guarabyra ap\u00f3s mais de cinco d\u00e9cadas de atua\u00e7\u00e3o conjunta.<\/p>\n\n\n\n<p>Em comunicado divulgado pelas redes sociais, os m\u00fasicos informaram que a decis\u00e3o foi motivada por \u201ccausas naturais\u201d, sem desentendimentos ou conflitos entre eles. Segundo o an\u00fancio, a dist\u00e2ncia f\u00edsica \u2014 j\u00e1 que h\u00e1 anos residem em estados diferentes \u2014 favoreceu o distanciamento progressivo e a forma\u00e7\u00e3o de novos la\u00e7os musicais com artistas locais, contribuindo para o encerramento do trabalho conjunto.<\/p>\n\n\n\n<p>Apesar do an\u00fancio do fim da parceria, os f\u00e3s ainda ter\u00e3o a oportunidade de se despedir dos m\u00fasicos ao vivo. S\u00e1 &amp; Guarabyra agendaram quatro apresenta\u00e7\u00f5es finais que acontecer\u00e3o entre os meses de maio e setembro.<\/p>\n\n\n\n<p>As \u00faltimas performances da dupla ocorrer\u00e3o em S\u00e3o Paulo, S\u00e3o Bernardo do Campo, Belo Horizonte e Itaja\u00ed, cidade localizada no interior de Santa Catarina. Essas apresenta\u00e7\u00f5es marcar\u00e3o oficialmente o encerramento da longa e respeitada trajet\u00f3ria do duo, que deixa um legado significativo para a m\u00fasica popular brasileira.<\/p>\n\n\n\n<p><a href=\"https:\/\/sertanejotododia.com.br\/dupla-sertaneja-anunciou-o-fim-apos-mais-de-50-anos-de-carreira\/\">FONTE: STD<\/a><\/p>\n\n\n\n<p><\/p>\n","protected":false},"excerpt":{"rendered":"<p>A trajet\u00f3ria de uma das duplas mais emblem\u00e1ticas da m\u00fasica brasileira chega ao fim. No \u00faltimo s\u00e1bado (26), Luiz Carlos S\u00e1 e Guttemberg Guarabyra oficializaram a separa\u00e7\u00e3o da dupla S\u00e1 &amp; Guarabyra ap\u00f3s mais de cinco d\u00e9cadas de atua\u00e7\u00e3o conjunta. Em comunicado divulgado pelas redes sociais, os m\u00fasicos informaram que a decis\u00e3o foi motivada por \u201ccausas naturais\u201d, sem desentendimentos ou conflitos entre eles. Segundo o an\u00fancio, a dist\u00e2ncia f\u00edsica \u2014 j\u00e1 que h\u00e1 anos residem em estados diferentes \u2014 favoreceu o distanciamento progressivo e a forma\u00e7\u00e3o de novos la\u00e7os musicais com artistas locais, contribuindo para o encerramento do trabalho conjunto. Apesar do an\u00fancio do fim da parceria, os f\u00e3s ainda ter\u00e3o a oportunidade de se despedir dos m\u00fasicos ao vivo. S\u00e1 &amp; Guarabyra agendaram quatro apresenta\u00e7\u00f5es finais que acontecer\u00e3o entre os meses de maio e setembro. As \u00faltimas performances da dupla ocorrer\u00e3o em S\u00e3o Paulo, S\u00e3o Bernardo do Campo, Belo Horizonte e Itaja\u00ed, cidade localizada no interior de Santa Catarina. Essas apresenta\u00e7\u00f5es marcar\u00e3o oficialmente o encerramento da longa e respeitada trajet\u00f3ria do duo, que deixa um legado significativo para a m\u00fasica popular brasileira. FONTE: STD<\/p>\n","protected":false},"author":1,"featured_media":1000,"comment_status":"open","ping_status":"open","sticky":false,"template":"","format":"standard","meta":{"footnotes":""},"categories":[1],"tags":[],"class_list":["post-999","post","type-post","status-publish","format-standard","has-post-thumbnail","hentry","category-sem-categoria"],"_links":{"self":[{"href":"https:\/\/educadoramoc.com\/index.php?rest_route=\/wp\/v2\/posts\/999","targetHints":{"allow":["GET"]}}],"collection":[{"href":"https:\/\/educadoramoc.com\/index.php?rest_route=\/wp\/v2\/posts"}],"about":[{"href":"https:\/\/educadoramoc.com\/index.php?rest_route=\/wp\/v2\/types\/post"}],"author":[{"embeddable":true,"href":"https:\/\/educadoramoc.com\/index.php?rest_route=\/wp\/v2\/users\/1"}],"replies":[{"embeddable":true,"href":"https:\/\/educadoramoc.com\/index.php?rest_route=%2Fwp%2Fv2%2Fcomments&post=999"}],"version-history":[{"count":1,"href":"https:\/\/educadoramoc.com\/index.php?rest_route=\/wp\/v2\/posts\/999\/revisions"}],"predecessor-version":[{"id":1001,"href":"https:\/\/educadoramoc.com\/index.php?rest_route=\/wp\/v2\/posts\/999\/revisions\/1001"}],"wp:featuredmedia":[{"embeddable":true,"href":"https:\/\/educadoramoc.com\/index.php?rest_route=\/wp\/v2\/media\/1000"}],"wp:attachment":[{"href":"https:\/\/educadoramoc.com\/index.php?rest_route=%2Fwp%2Fv2%2Fmedia&parent=999"}],"wp:term":[{"taxonomy":"category","embeddable":true,"href":"https:\/\/educadoramoc.com\/index.php?rest_route=%2Fwp%2Fv2%2Fcategories&post=999"},{"taxonomy":"post_tag","embeddable":true,"href":"https:\/\/educadoramoc.com\/index.php?rest_route=%2Fwp%2Fv2%2Ftags&post=999"}],"curies":[{"name":"wp","href":"https:\/\/api.w.org\/{rel}","templated":true}]}}