{"id":983,"date":"2025-04-24T09:52:21","date_gmt":"2025-04-24T12:52:21","guid":{"rendered":"https:\/\/educadoramoc.com\/?p=983"},"modified":"2025-04-24T09:52:22","modified_gmt":"2025-04-24T12:52:22","slug":"raizes-sertanejas-a-curiosa-origem-da-dupla-caipira-no-radio-brasileiro","status":"publish","type":"post","link":"https:\/\/educadoramoc.com\/?p=983","title":{"rendered":"Ra\u00edzes Sertanejas: A Curiosa Origem da Dupla Caipira no R\u00e1dio Brasileiro"},"content":{"rendered":"\n<p><strong>Voc\u00ea sabia que a primeira m\u00fasica sertaneja gravada no Brasil foi lan\u00e7ada em 1929?<\/strong><br>Ela se chamava <strong>&#8220;Jorginho do Sert\u00e3o&#8221;<\/strong>, composta e interpretada pela dupla <strong>Manoel Martins e Mariano<\/strong>, mas os pioneiros que realmente popularizaram o estilo foram <strong>Corn\u00e9lio Pires e sua Turma Caipira<\/strong>, que lan\u00e7aram <strong>discos de 78 rota\u00e7\u00f5es com modas de viola e causos do interior<\/strong>.<\/p>\n\n\n\n<p>Esses discos foram lan\u00e7ados de forma <strong>independente<\/strong>, porque as gravadoras da \u00e9poca achavam que \u201cm\u00fasica do mato\u201d n\u00e3o faria sucesso. Resultado? Venderam tudo rapidinho e abriram caminho para o surgimento do que hoje conhecemos como <strong>m\u00fasica sertaneja raiz<\/strong>!<\/p>\n\n\n\n<p><\/p>\n","protected":false},"excerpt":{"rendered":"<p>Voc\u00ea sabia que a primeira m\u00fasica sertaneja gravada no Brasil foi lan\u00e7ada em 1929?Ela se chamava &#8220;Jorginho do Sert\u00e3o&#8221;, composta e interpretada pela dupla Manoel Martins e Mariano, mas os pioneiros que realmente popularizaram o estilo foram Corn\u00e9lio Pires e sua Turma Caipira, que lan\u00e7aram discos de 78 rota\u00e7\u00f5es com modas de viola e causos do interior. Esses discos foram lan\u00e7ados de forma independente, porque as gravadoras da \u00e9poca achavam que \u201cm\u00fasica do mato\u201d n\u00e3o faria sucesso. Resultado? Venderam tudo rapidinho e abriram caminho para o surgimento do que hoje conhecemos como m\u00fasica sertaneja raiz!<\/p>\n","protected":false},"author":1,"featured_media":984,"comment_status":"open","ping_status":"open","sticky":false,"template":"","format":"standard","meta":{"footnotes":""},"categories":[1],"tags":[],"class_list":["post-983","post","type-post","status-publish","format-standard","has-post-thumbnail","hentry","category-sem-categoria"],"_links":{"self":[{"href":"https:\/\/educadoramoc.com\/index.php?rest_route=\/wp\/v2\/posts\/983","targetHints":{"allow":["GET"]}}],"collection":[{"href":"https:\/\/educadoramoc.com\/index.php?rest_route=\/wp\/v2\/posts"}],"about":[{"href":"https:\/\/educadoramoc.com\/index.php?rest_route=\/wp\/v2\/types\/post"}],"author":[{"embeddable":true,"href":"https:\/\/educadoramoc.com\/index.php?rest_route=\/wp\/v2\/users\/1"}],"replies":[{"embeddable":true,"href":"https:\/\/educadoramoc.com\/index.php?rest_route=%2Fwp%2Fv2%2Fcomments&post=983"}],"version-history":[{"count":1,"href":"https:\/\/educadoramoc.com\/index.php?rest_route=\/wp\/v2\/posts\/983\/revisions"}],"predecessor-version":[{"id":985,"href":"https:\/\/educadoramoc.com\/index.php?rest_route=\/wp\/v2\/posts\/983\/revisions\/985"}],"wp:featuredmedia":[{"embeddable":true,"href":"https:\/\/educadoramoc.com\/index.php?rest_route=\/wp\/v2\/media\/984"}],"wp:attachment":[{"href":"https:\/\/educadoramoc.com\/index.php?rest_route=%2Fwp%2Fv2%2Fmedia&parent=983"}],"wp:term":[{"taxonomy":"category","embeddable":true,"href":"https:\/\/educadoramoc.com\/index.php?rest_route=%2Fwp%2Fv2%2Fcategories&post=983"},{"taxonomy":"post_tag","embeddable":true,"href":"https:\/\/educadoramoc.com\/index.php?rest_route=%2Fwp%2Fv2%2Ftags&post=983"}],"curies":[{"name":"wp","href":"https:\/\/api.w.org\/{rel}","templated":true}]}}