{"id":979,"date":"2025-04-23T08:52:28","date_gmt":"2025-04-23T11:52:28","guid":{"rendered":"https:\/\/educadoramoc.com\/?p=979"},"modified":"2025-04-23T08:52:28","modified_gmt":"2025-04-23T11:52:28","slug":"grelo-e-responsavel-pelo-ultimo-sucesso-de-marilia-mendonca","status":"publish","type":"post","link":"https:\/\/educadoramoc.com\/?p=979","title":{"rendered":"Grelo \u00e9 respons\u00e1vel pelo \u00faltimo sucesso de Mar\u00edlia Mendon\u00e7a"},"content":{"rendered":"\n<p>Embora tenha se tornado amplamente conhecido pelo seu sucesso \u201cS\u00f3 F\u00e9\u201d, o cantor\u00a0<strong>Grelo<\/strong>, cujo nome verdadeiro \u00e9 Gabriel de \u00c2ngelo, \u00e9 muito mais do que um simples int\u00e9rprete. Com apenas 26 anos, ele se destaca n\u00e3o apenas como cantor, mas principalmente como compositor, tendo em seu portf\u00f3lio mais de 520 m\u00fasicas registradas. Seu talento como autor lhe garante lugar cativo nas playlists e cora\u00e7\u00f5es dos amantes da m\u00fasica brasileira.<\/p>\n\n\n\n<p>Lan\u00e7ada em 15 de outubro de 2021, \u201cEsque\u00e7a-me se for capaz\u201d se tornou um verdadeiro fen\u00f4meno nas redes sociais e plataformas de streaming. Infelizmente, a can\u00e7\u00e3o foi lan\u00e7ada poucas semanas antes da tr\u00e1gica morte de Mar\u00edlia Mendon\u00e7a, que ocorreu em um acidente de avi\u00e3o em 5 de novembro do mesmo ano. O impacto emocional da m\u00fasica, juntamente com a perda da artista, fez com que esta can\u00e7\u00e3o se tornasse ainda mais significativa.<\/p>\n\n\n\n<p>Em um desabafo nas redes sociais, Grelo destacou o momento m\u00e1gico que viveu ao compor a m\u00fasica. Ele mencionou que a energia do grupo de compositores \u2013 que contava tamb\u00e9m com Junior Gomes, Renno Poeta e Thales Lessa \u2013 era contagiante. \u201cNaquele momento, sab\u00edamos que ela encontraria a voz que passaria o sentimento que sentimos ali na hora. E realmente encontrou: foram as vozes das Patroas,\u201d afirmou o artista.<\/p>\n\n\n\n<p><a href=\"https:\/\/movimentocountry.com\/noticias\/grelo-sucesso-marilia-mendonca\/\">FONTE: MOVIMENTO COUNTRY <\/a><\/p>\n","protected":false},"excerpt":{"rendered":"<p>Embora tenha se tornado amplamente conhecido pelo seu sucesso \u201cS\u00f3 F\u00e9\u201d, o cantor\u00a0Grelo, cujo nome verdadeiro \u00e9 Gabriel de \u00c2ngelo, \u00e9 muito mais do que um simples int\u00e9rprete. Com apenas 26 anos, ele se destaca n\u00e3o apenas como cantor, mas principalmente como compositor, tendo em seu portf\u00f3lio mais de 520 m\u00fasicas registradas. Seu talento como autor lhe garante lugar cativo nas playlists e cora\u00e7\u00f5es dos amantes da m\u00fasica brasileira. Lan\u00e7ada em 15 de outubro de 2021, \u201cEsque\u00e7a-me se for capaz\u201d se tornou um verdadeiro fen\u00f4meno nas redes sociais e plataformas de streaming. Infelizmente, a can\u00e7\u00e3o foi lan\u00e7ada poucas semanas antes da tr\u00e1gica morte de Mar\u00edlia Mendon\u00e7a, que ocorreu em um acidente de avi\u00e3o em 5 de novembro do mesmo ano. O impacto emocional da m\u00fasica, juntamente com a perda da artista, fez com que esta can\u00e7\u00e3o se tornasse ainda mais significativa. Em um desabafo nas redes sociais, Grelo destacou o momento m\u00e1gico que viveu ao compor a m\u00fasica. Ele mencionou que a energia do grupo de compositores \u2013 que contava tamb\u00e9m com Junior Gomes, Renno Poeta e Thales Lessa \u2013 era contagiante. \u201cNaquele momento, sab\u00edamos que ela encontraria a voz que passaria o sentimento que sentimos ali na hora. E realmente encontrou: foram as vozes das Patroas,\u201d afirmou o artista. FONTE: MOVIMENTO COUNTRY<\/p>\n","protected":false},"author":1,"featured_media":980,"comment_status":"open","ping_status":"open","sticky":false,"template":"","format":"standard","meta":{"footnotes":""},"categories":[1],"tags":[],"class_list":["post-979","post","type-post","status-publish","format-standard","has-post-thumbnail","hentry","category-sem-categoria"],"_links":{"self":[{"href":"https:\/\/educadoramoc.com\/index.php?rest_route=\/wp\/v2\/posts\/979","targetHints":{"allow":["GET"]}}],"collection":[{"href":"https:\/\/educadoramoc.com\/index.php?rest_route=\/wp\/v2\/posts"}],"about":[{"href":"https:\/\/educadoramoc.com\/index.php?rest_route=\/wp\/v2\/types\/post"}],"author":[{"embeddable":true,"href":"https:\/\/educadoramoc.com\/index.php?rest_route=\/wp\/v2\/users\/1"}],"replies":[{"embeddable":true,"href":"https:\/\/educadoramoc.com\/index.php?rest_route=%2Fwp%2Fv2%2Fcomments&post=979"}],"version-history":[{"count":1,"href":"https:\/\/educadoramoc.com\/index.php?rest_route=\/wp\/v2\/posts\/979\/revisions"}],"predecessor-version":[{"id":981,"href":"https:\/\/educadoramoc.com\/index.php?rest_route=\/wp\/v2\/posts\/979\/revisions\/981"}],"wp:featuredmedia":[{"embeddable":true,"href":"https:\/\/educadoramoc.com\/index.php?rest_route=\/wp\/v2\/media\/980"}],"wp:attachment":[{"href":"https:\/\/educadoramoc.com\/index.php?rest_route=%2Fwp%2Fv2%2Fmedia&parent=979"}],"wp:term":[{"taxonomy":"category","embeddable":true,"href":"https:\/\/educadoramoc.com\/index.php?rest_route=%2Fwp%2Fv2%2Fcategories&post=979"},{"taxonomy":"post_tag","embeddable":true,"href":"https:\/\/educadoramoc.com\/index.php?rest_route=%2Fwp%2Fv2%2Ftags&post=979"}],"curies":[{"name":"wp","href":"https:\/\/api.w.org\/{rel}","templated":true}]}}