{"id":976,"date":"2025-04-22T08:44:16","date_gmt":"2025-04-22T11:44:16","guid":{"rendered":"https:\/\/educadoramoc.com\/?p=976"},"modified":"2025-04-22T08:44:17","modified_gmt":"2025-04-22T11:44:17","slug":"mari-fernandez-sobre-mudancas-na-carreira-com-dois-pes-no-sertanejo","status":"publish","type":"post","link":"https:\/\/educadoramoc.com\/?p=976","title":{"rendered":"Mari Fernandez sobre mudan\u00e7as na carreira: \u201cCom dois p\u00e9s no sertanejo\u201d"},"content":{"rendered":"\n<p>A cantora<strong>\u00a0Mari Fernandez<\/strong>, 24, falou sobre sua\u00a0<strong>mudan\u00e7a da carreira de forr\u00f3 e piseiro para um novo g\u00eanero musical: o sertanejo<\/strong>. Seu \u00faltimo DVD, gravado no Rio de Janeiro, mostra\u00a0<strong>a sonoridade de suas m\u00fasicas\u00a0<\/strong>e marca suas novas apostas.<\/p>\n\n\n\n<p>Em entrevista \u00e0\u00a0<strong>CNN<\/strong>, a dona do hit \u201cP\u00e1gina de Ex\u201d antecipou que \u201cvem a\u00ed uma mar\u00e9 diferente do que eu vinha lan\u00e7ando nos\u00a0<a href=\"https:\/\/www.cnnbrasil.com.br\/entretenimento\/mari-fernandez-sobre-assumir-relacionamento-lgbt-minha-verdade\/\" target=\"_blank\" rel=\"noreferrer noopener\">\u00faltimos tempos<\/a>. Vou entrar com os dois p\u00e9s no sertanejo \u2014 eu j\u00e1\u00a0<a href=\"https:\/\/www.cnnbrasil.com.br\/entretenimento\/mari-fernandez-fala-sobre-casamento-com-namorada-novidades-em-breve\/\" target=\"_blank\" rel=\"noreferrer noopener\">namorava<\/a>\u00a0muito com o estilo, gravava v\u00e1rios feats e cantava m\u00fasica sertaneja no show porque eu gosto muito \u2013, mas neste ano vou me dedicar bastante para gravar v\u00e1rios projetos.\u201d<\/p>\n\n\n\n<p>Mari contou que tem a inten\u00e7\u00e3o de continuar fazendo m\u00fasicas sobre o empoderamento feminino \u2014 incluindo temas como a supera\u00e7\u00e3o de relacionamentos e o amor pr\u00f3prio.<\/p>\n\n\n\n<p>De acordo com ela, a produ\u00e7\u00e3o do novo g\u00eanero musical j\u00e1 come\u00e7ou. \u201cSer\u00e3o muitas faixas sertanejas, com a melodia, a letra e as introdu\u00e7\u00f5es dentro do estilo. Eu acho que os meus f\u00e3s v\u00e3o gostar muito, n\u00e9? Mas ainda vou cantar um pouquinho da sofr\u00eancia e da supera\u00e7\u00e3o tamb\u00e9m.\u201d<\/p>\n\n\n\n<p>A cantora come\u00e7ou sua carreira na composi\u00e7\u00e3o aos 15 anos em sua cidade natal, no interior do Cear\u00e1. Ap\u00f3s terminar seus estudos, aos 18 anos, se mudou para a capital do estado, Fortaleza, para tentar alcan\u00e7ar o sucesso com suas letras.<\/p>\n\n\n\n<p>Em pouco tempo na cidade, ela conseguiu chegar a artistas consagrados no forr\u00f3 e no piseiro \u2014 como Tarc\u00edsio do Acordeon e Vitor Fernandes. Em 2024, Mari Fernandez&nbsp;<a href=\"https:\/\/www.cnnbrasil.com.br\/entretenimento\/mari-fernandez-lidera-ranking-de-artistas-de-forro-mais-escutados-no-youtube\/\" target=\"_blank\" rel=\"noreferrer noopener\">ocupou a primeira posi\u00e7\u00e3o<\/a>&nbsp;do ranking entre os artistas de forr\u00f3 mais escutados no YouTube, superando grandes nomes do g\u00eanero.<\/p>\n\n\n\n<p>Hoje, ela tem cerca de 80 composi\u00e7\u00f5es registradas no Ecad (Escrit\u00f3rio Central de Arrecada\u00e7\u00e3o e Distribui\u00e7\u00e3o) \u2014 entre elas hits como \u201cParada Louca\u201d e \u201cP\u00e1gina de Ex\u201d.<\/p>\n\n\n\n<p>\u201cEu gosto de compor m\u00fasica, independentemente do g\u00eanero musical. A ideia que vem, eu vou l\u00e1 e fa\u00e7o. \u00c0s vezes \u00e9 com uma ideia de pagode, \u00e0s vezes de forr\u00f3\u2026 Mas ultimamente o meu foco tem sido compor para o sertanejo\u201d, contou.<\/p>\n\n\n\n<p>Em&nbsp;<a href=\"https:\/\/www.cnnbrasil.com.br\/entretenimento\/mari-fernandez-sobre-assumir-relacionamento-lgbt-minha-verdade\/\" target=\"_blank\" rel=\"noreferrer noopener\">entrevista anterior<\/a>&nbsp;\u00e0&nbsp;<strong>CNN<\/strong>, Mari disse que est\u00e1 sendo bem recebida pelos artistas que j\u00e1 est\u00e3o estabelecidos no universo caipira e, ainda, que seus amigos est\u00e3o facilitando a transi\u00e7\u00e3o entre os g\u00eaneros musicais.<\/p>\n\n\n\n<p><a href=\"https:\/\/www.cnnbrasil.com.br\/entretenimento\/mari-fernandez-sobre-mudancas-na-carreira-com-dois-pes-no-sertanejo\/\">FONTE: CNN BRASIL <\/a><\/p>\n\n\n\n<p><\/p>\n","protected":false},"excerpt":{"rendered":"<p>A cantora\u00a0Mari Fernandez, 24, falou sobre sua\u00a0mudan\u00e7a da carreira de forr\u00f3 e piseiro para um novo g\u00eanero musical: o sertanejo. Seu \u00faltimo DVD, gravado no Rio de Janeiro, mostra\u00a0a sonoridade de suas m\u00fasicas\u00a0e marca suas novas apostas. Em entrevista \u00e0\u00a0CNN, a dona do hit \u201cP\u00e1gina de Ex\u201d antecipou que \u201cvem a\u00ed uma mar\u00e9 diferente do que eu vinha lan\u00e7ando nos\u00a0\u00faltimos tempos. Vou entrar com os dois p\u00e9s no sertanejo \u2014 eu j\u00e1\u00a0namorava\u00a0muito com o estilo, gravava v\u00e1rios feats e cantava m\u00fasica sertaneja no show porque eu gosto muito \u2013, mas neste ano vou me dedicar bastante para gravar v\u00e1rios projetos.\u201d Mari contou que tem a inten\u00e7\u00e3o de continuar fazendo m\u00fasicas sobre o empoderamento feminino \u2014 incluindo temas como a supera\u00e7\u00e3o de relacionamentos e o amor pr\u00f3prio. De acordo com ela, a produ\u00e7\u00e3o do novo g\u00eanero musical j\u00e1 come\u00e7ou. \u201cSer\u00e3o muitas faixas sertanejas, com a melodia, a letra e as introdu\u00e7\u00f5es dentro do estilo. Eu acho que os meus f\u00e3s v\u00e3o gostar muito, n\u00e9? Mas ainda vou cantar um pouquinho da sofr\u00eancia e da supera\u00e7\u00e3o tamb\u00e9m.\u201d A cantora come\u00e7ou sua carreira na composi\u00e7\u00e3o aos 15 anos em sua cidade natal, no interior do Cear\u00e1. Ap\u00f3s terminar seus estudos, aos 18 anos, se mudou para a capital do estado, Fortaleza, para tentar alcan\u00e7ar o sucesso com suas letras. Em pouco tempo na cidade, ela conseguiu chegar a artistas consagrados no forr\u00f3 e no piseiro \u2014 como Tarc\u00edsio do Acordeon e Vitor Fernandes. Em 2024, Mari Fernandez&nbsp;ocupou a primeira posi\u00e7\u00e3o&nbsp;do ranking entre os artistas de forr\u00f3 mais escutados no YouTube, superando grandes nomes do g\u00eanero. Hoje, ela tem cerca de 80 composi\u00e7\u00f5es registradas no Ecad (Escrit\u00f3rio Central de Arrecada\u00e7\u00e3o e Distribui\u00e7\u00e3o) \u2014 entre elas hits como \u201cParada Louca\u201d e \u201cP\u00e1gina de Ex\u201d. \u201cEu gosto de compor m\u00fasica, independentemente do g\u00eanero musical. A ideia que vem, eu vou l\u00e1 e fa\u00e7o. \u00c0s vezes \u00e9 com uma ideia de pagode, \u00e0s vezes de forr\u00f3\u2026 Mas ultimamente o meu foco tem sido compor para o sertanejo\u201d, contou. Em&nbsp;entrevista anterior&nbsp;\u00e0&nbsp;CNN, Mari disse que est\u00e1 sendo bem recebida pelos artistas que j\u00e1 est\u00e3o estabelecidos no universo caipira e, ainda, que seus amigos est\u00e3o facilitando a transi\u00e7\u00e3o entre os g\u00eaneros musicais. FONTE: CNN BRASIL<\/p>\n","protected":false},"author":1,"featured_media":977,"comment_status":"open","ping_status":"open","sticky":false,"template":"","format":"standard","meta":{"footnotes":""},"categories":[1],"tags":[],"class_list":["post-976","post","type-post","status-publish","format-standard","has-post-thumbnail","hentry","category-sem-categoria"],"_links":{"self":[{"href":"https:\/\/educadoramoc.com\/index.php?rest_route=\/wp\/v2\/posts\/976","targetHints":{"allow":["GET"]}}],"collection":[{"href":"https:\/\/educadoramoc.com\/index.php?rest_route=\/wp\/v2\/posts"}],"about":[{"href":"https:\/\/educadoramoc.com\/index.php?rest_route=\/wp\/v2\/types\/post"}],"author":[{"embeddable":true,"href":"https:\/\/educadoramoc.com\/index.php?rest_route=\/wp\/v2\/users\/1"}],"replies":[{"embeddable":true,"href":"https:\/\/educadoramoc.com\/index.php?rest_route=%2Fwp%2Fv2%2Fcomments&post=976"}],"version-history":[{"count":1,"href":"https:\/\/educadoramoc.com\/index.php?rest_route=\/wp\/v2\/posts\/976\/revisions"}],"predecessor-version":[{"id":978,"href":"https:\/\/educadoramoc.com\/index.php?rest_route=\/wp\/v2\/posts\/976\/revisions\/978"}],"wp:featuredmedia":[{"embeddable":true,"href":"https:\/\/educadoramoc.com\/index.php?rest_route=\/wp\/v2\/media\/977"}],"wp:attachment":[{"href":"https:\/\/educadoramoc.com\/index.php?rest_route=%2Fwp%2Fv2%2Fmedia&parent=976"}],"wp:term":[{"taxonomy":"category","embeddable":true,"href":"https:\/\/educadoramoc.com\/index.php?rest_route=%2Fwp%2Fv2%2Fcategories&post=976"},{"taxonomy":"post_tag","embeddable":true,"href":"https:\/\/educadoramoc.com\/index.php?rest_route=%2Fwp%2Fv2%2Ftags&post=976"}],"curies":[{"name":"wp","href":"https:\/\/api.w.org\/{rel}","templated":true}]}}