{"id":1976,"date":"2026-08-27T15:49:53","date_gmt":"2026-08-27T18:49:53","guid":{"rendered":"https:\/\/educadoramoc.com\/?p=1976"},"modified":"2026-08-27T15:49:54","modified_gmt":"2026-08-27T18:49:54","slug":"apos-polemica-influenciador-e-expulso-de-barretos-e-promete-pagar-prejuizo","status":"publish","type":"post","link":"https:\/\/educadoramoc.com\/?p=1976","title":{"rendered":"Ap\u00f3s pol\u00eamica influenciador \u00e9 expulso de Barretos e promete pagar preju\u00edzo"},"content":{"rendered":"\n<p class=\"wp-block-paragraph\"><strong>C\u00e9sar Rincon<\/strong>\u00a0anunciou na tarde desta quarta-feira (26\/8) que vai deixar a Festa do Pe\u00e3o de Barretos antes do encerramento do evento. A decis\u00e3o foi comunicada pelo pr\u00f3prio empres\u00e1rio em um v\u00eddeo publicado no Instagram, no qual ele\u00a0<a href=\"https:\/\/movimentocountry.com\/briga-expoe-rincon\/\"><strong>assume a responsabilidade pela confus\u00e3o registrada no camping<\/strong>\u00a0<\/a>e pede desculpas \u00e0s pessoas atingidas pelo epis\u00f3dio.<\/p>\n\n\n\n<p class=\"wp-block-paragraph\">No v\u00eddeo, o empres\u00e1rio \u2014 apontado como affair da cantora Ana Castela \u2014 afirmou que procurou individualmente os envolvidos para se desculpar e que, al\u00e9m do contato reservado, queria registrar o pedido publicamente. Os nomes citados por ele foram os de Kelly Fazendeira e Miguel Mendes.<\/p>\n\n\n\n<p class=\"wp-block-paragraph\">O pedido de desculpas se estendeu para al\u00e9m das pessoas diretamente envolvidas na briga. Rincon mencionou a organiza\u00e7\u00e3o da festa, o p\u00fablico que estava no camping, os patrocinadores e todos os que tiveram a experi\u00eancia prejudicada pelo epis\u00f3dio.<\/p>\n\n\n\n<p class=\"wp-block-paragraph\">Ele tamb\u00e9m classificou o pr\u00f3prio comportamento em termos duros, dizendo que passou o ano inteiro esperando pelo evento para terminar se envolvendo em uma briga sem sentido. O tom foi de autocr\u00edtica, sem tentativa de justificar o ocorrido.<\/p>\n\n\n\n<p class=\"wp-block-paragraph\">A explica\u00e7\u00e3o para a decis\u00e3o de ir embora tem a ver com uma norma interna do camping de Barretos, que Rincon fez quest\u00e3o de citar textualmente:&nbsp;<strong>\u201cbrigou, vazou\u201d<\/strong>. Segundo ele, a regra vale para qualquer pessoa, independentemente de proje\u00e7\u00e3o p\u00fablica, e por isso preferiu se retirar por conta pr\u00f3pria em vez de esperar por uma decis\u00e3o da organiza\u00e7\u00e3o.<\/p>\n\n\n\n<p class=\"wp-block-paragraph\">Foi nesse trecho que veio a frase mais repercutida do pronunciamento. O empres\u00e1rio reconheceu que costuma levar audi\u00eancia e movimento para a festa, mas admitiu que, no \u00faltimo dia, o que a sua presen\u00e7a gerou foi visibilidade negativa \u2014 e que n\u00e3o era essa a marca que pretendia deixar no evento.<\/p>\n\n\n\n<p class=\"wp-block-paragraph\">A avalia\u00e7\u00e3o dele sobre a origem da confus\u00e3o \u00e9 a de que um erro puxou o outro. N\u00e3o h\u00e1, no v\u00eddeo, tentativa de transferir a culpa integralmente para terceiros.<\/p>\n\n\n\n<p class=\"wp-block-paragraph\"><a href=\"https:\/\/movimentocountry.com\/rincon-deixa-barretos-apos-polemicas\/\">FONTE: MOVIMENTO COUNTRY <\/a><\/p>\n\n\n\n<p class=\"wp-block-paragraph\"><\/p>\n","protected":false},"excerpt":{"rendered":"<p>C\u00e9sar Rincon\u00a0anunciou na tarde desta quarta-feira (26\/8) que vai deixar a Festa do Pe\u00e3o de Barretos antes do encerramento do evento. A decis\u00e3o foi comunicada pelo pr\u00f3prio empres\u00e1rio em um v\u00eddeo publicado no Instagram, no qual ele\u00a0assume a responsabilidade pela confus\u00e3o registrada no camping\u00a0e pede desculpas \u00e0s pessoas atingidas pelo epis\u00f3dio. No v\u00eddeo, o empres\u00e1rio \u2014 apontado como affair da cantora Ana Castela \u2014 afirmou que procurou individualmente os envolvidos para se desculpar e que, al\u00e9m do contato reservado, queria registrar o pedido publicamente. Os nomes citados por ele foram os de Kelly Fazendeira e Miguel Mendes. O pedido de desculpas se estendeu para al\u00e9m das pessoas diretamente envolvidas na briga. Rincon mencionou a organiza\u00e7\u00e3o da festa, o p\u00fablico que estava no camping, os patrocinadores e todos os que tiveram a experi\u00eancia prejudicada pelo epis\u00f3dio. Ele tamb\u00e9m classificou o pr\u00f3prio comportamento em termos duros, dizendo que passou o ano inteiro esperando pelo evento para terminar se envolvendo em uma briga sem sentido. O tom foi de autocr\u00edtica, sem tentativa de justificar o ocorrido. A explica\u00e7\u00e3o para a decis\u00e3o de ir embora tem a ver com uma norma interna do camping de Barretos, que Rincon fez quest\u00e3o de citar textualmente:&nbsp;\u201cbrigou, vazou\u201d. Segundo ele, a regra vale para qualquer pessoa, independentemente de proje\u00e7\u00e3o p\u00fablica, e por isso preferiu se retirar por conta pr\u00f3pria em vez de esperar por uma decis\u00e3o da organiza\u00e7\u00e3o. Foi nesse trecho que veio a frase mais repercutida do pronunciamento. O empres\u00e1rio reconheceu que costuma levar audi\u00eancia e movimento para a festa, mas admitiu que, no \u00faltimo dia, o que a sua presen\u00e7a gerou foi visibilidade negativa \u2014 e que n\u00e3o era essa a marca que pretendia deixar no evento. A avalia\u00e7\u00e3o dele sobre a origem da confus\u00e3o \u00e9 a de que um erro puxou o outro. N\u00e3o h\u00e1, no v\u00eddeo, tentativa de transferir a culpa integralmente para terceiros. FONTE: MOVIMENTO COUNTRY<\/p>\n","protected":false},"author":1,"featured_media":1977,"comment_status":"open","ping_status":"open","sticky":false,"template":"","format":"standard","meta":{"footnotes":""},"categories":[1],"tags":[],"class_list":["post-1976","post","type-post","status-publish","format-standard","has-post-thumbnail","hentry","category-sem-categoria"],"_links":{"self":[{"href":"https:\/\/educadoramoc.com\/index.php?rest_route=\/wp\/v2\/posts\/1976","targetHints":{"allow":["GET"]}}],"collection":[{"href":"https:\/\/educadoramoc.com\/index.php?rest_route=\/wp\/v2\/posts"}],"about":[{"href":"https:\/\/educadoramoc.com\/index.php?rest_route=\/wp\/v2\/types\/post"}],"author":[{"embeddable":true,"href":"https:\/\/educadoramoc.com\/index.php?rest_route=\/wp\/v2\/users\/1"}],"replies":[{"embeddable":true,"href":"https:\/\/educadoramoc.com\/index.php?rest_route=%2Fwp%2Fv2%2Fcomments&post=1976"}],"version-history":[{"count":1,"href":"https:\/\/educadoramoc.com\/index.php?rest_route=\/wp\/v2\/posts\/1976\/revisions"}],"predecessor-version":[{"id":1978,"href":"https:\/\/educadoramoc.com\/index.php?rest_route=\/wp\/v2\/posts\/1976\/revisions\/1978"}],"wp:featuredmedia":[{"embeddable":true,"href":"https:\/\/educadoramoc.com\/index.php?rest_route=\/wp\/v2\/media\/1977"}],"wp:attachment":[{"href":"https:\/\/educadoramoc.com\/index.php?rest_route=%2Fwp%2Fv2%2Fmedia&parent=1976"}],"wp:term":[{"taxonomy":"category","embeddable":true,"href":"https:\/\/educadoramoc.com\/index.php?rest_route=%2Fwp%2Fv2%2Fcategories&post=1976"},{"taxonomy":"post_tag","embeddable":true,"href":"https:\/\/educadoramoc.com\/index.php?rest_route=%2Fwp%2Fv2%2Ftags&post=1976"}],"curies":[{"name":"wp","href":"https:\/\/api.w.org\/{rel}","templated":true}]}}