{"id":1973,"date":"2026-08-26T16:00:07","date_gmt":"2026-08-26T19:00:07","guid":{"rendered":"https:\/\/educadoramoc.com\/?p=1973"},"modified":"2026-08-26T16:00:10","modified_gmt":"2026-08-26T19:00:10","slug":"simone-e-simaria-vao-voltar-resposta-agita-os-fas","status":"publish","type":"post","link":"https:\/\/educadoramoc.com\/?p=1973","title":{"rendered":"Simone e Simaria v\u00e3o voltar? Resposta agita os f\u00e3s"},"content":{"rendered":"\n<p class=\"wp-block-paragraph\"><strong>Simone e Simaria v\u00e3o voltar<\/strong>\u00a0aos palcos como dupla? A pergunta voltou a movimentar os f\u00e3s ap\u00f3s as irm\u00e3s aparecerem cantando juntas e\u00a0<a href=\"https:\/\/movimentocountry.com\/tag\/shows-das-coleguinhas\/\">Simaria confirmar a retomada de<\/a>\u00a0sua carreira. Apesar da expectativa, a resposta de\u00a0<a href=\"https:\/\/movimentocountry.com\/tag\/volta-de-simone-e-simaria\/\">Simone Mendes mant\u00e9m a hist\u00f3ria entre<\/a>\u00a0dois caminhos.<\/p>\n\n\n\n<p class=\"wp-block-paragraph\">Simone n\u00e3o pretende abandonar a carreira solo para reconstruir permanentemente a antiga dupla. A cantora, por\u00e9m, deixou aberta a possibilidade de realizar tr\u00eas ou quatro shows especiais ao lado da irm\u00e3, em uma celebra\u00e7\u00e3o da trajet\u00f3ria das Coleguinhas.<\/p>\n\n\n\n<p class=\"wp-block-paragraph\">Os rumores ganharam for\u00e7a com o an\u00fancio do&nbsp;<a href=\"https:\/\/movimentocountry.com\/simaria-volta-dvd-solo\/\"><strong>primeiro DVD solo de Simaria<\/strong><\/a>. A cantora prepara seu reencontro oficial com o p\u00fablico ap\u00f3s quatro anos afastada da rotina de apresenta\u00e7\u00f5es.<\/p>\n\n\n\n<h3 class=\"wp-block-heading\">Simone e Simaria voltar\u00e3o a formar uma dupla?<\/h3>\n\n\n\n<p class=\"wp-block-paragraph\">A resposta mais direta \u00e9 que n\u00e3o existe um retorno definitivo planejado.&nbsp;<a href=\"https:\/\/movimentocountry.com\/tag\/retorno-de-simaria\/\">Simone Mendes est\u00e1 consolidada em carreira<\/a>&nbsp;solo e considera especial a hist\u00f3ria que come\u00e7ou a construir depois da separa\u00e7\u00e3o profissional das irm\u00e3s.<\/p>\n\n\n\n<p class=\"wp-block-paragraph\">Ao responder aos rumores, a sertaneja foi objetiva: \u201cVoltar, n\u00e3o!\u201d. Simone explicou que ama a hist\u00f3ria vivida com Simaria, mas tamb\u00e9m valoriza o momento atual de sua trajet\u00f3ria individual.<\/p>\n\n\n\n<p class=\"wp-block-paragraph\">A declara\u00e7\u00e3o, entretanto, n\u00e3o encerrou completamente a esperan\u00e7a dos f\u00e3s. Na mesma manifesta\u00e7\u00e3o, Simone admitiu que aceitaria participar de \u201ctr\u00eas ou quatro shows\u201d para matar a saudade do p\u00fablico.<\/p>\n\n\n\n<p class=\"wp-block-paragraph\">Isso significa que a antiga dupla n\u00e3o deve voltar a funcionar com agenda fixa, novos contratos e lan\u00e7amentos cont\u00ednuos. Uma pequena turn\u00ea comemorativa ou apresenta\u00e7\u00f5es pontuais, contudo, continuam entre as possibilidades consideradas pela cantora.<\/p>\n\n\n\n<p class=\"wp-block-paragraph\"><a href=\"https:\/\/movimentocountry.com\/simone-e-simaria-vao-voltar-resposta-agita-os-fas\/\">FONTE: MOVIMENTO COUNTRY <\/a><\/p>\n\n\n\n<p class=\"wp-block-paragraph\"><\/p>\n","protected":false},"excerpt":{"rendered":"<p>Simone e Simaria v\u00e3o voltar\u00a0aos palcos como dupla? A pergunta voltou a movimentar os f\u00e3s ap\u00f3s as irm\u00e3s aparecerem cantando juntas e\u00a0Simaria confirmar a retomada de\u00a0sua carreira. Apesar da expectativa, a resposta de\u00a0Simone Mendes mant\u00e9m a hist\u00f3ria entre\u00a0dois caminhos. Simone n\u00e3o pretende abandonar a carreira solo para reconstruir permanentemente a antiga dupla. A cantora, por\u00e9m, deixou aberta a possibilidade de realizar tr\u00eas ou quatro shows especiais ao lado da irm\u00e3, em uma celebra\u00e7\u00e3o da trajet\u00f3ria das Coleguinhas. Os rumores ganharam for\u00e7a com o an\u00fancio do&nbsp;primeiro DVD solo de Simaria. A cantora prepara seu reencontro oficial com o p\u00fablico ap\u00f3s quatro anos afastada da rotina de apresenta\u00e7\u00f5es. Simone e Simaria voltar\u00e3o a formar uma dupla? A resposta mais direta \u00e9 que n\u00e3o existe um retorno definitivo planejado.&nbsp;Simone Mendes est\u00e1 consolidada em carreira&nbsp;solo e considera especial a hist\u00f3ria que come\u00e7ou a construir depois da separa\u00e7\u00e3o profissional das irm\u00e3s. Ao responder aos rumores, a sertaneja foi objetiva: \u201cVoltar, n\u00e3o!\u201d. Simone explicou que ama a hist\u00f3ria vivida com Simaria, mas tamb\u00e9m valoriza o momento atual de sua trajet\u00f3ria individual. A declara\u00e7\u00e3o, entretanto, n\u00e3o encerrou completamente a esperan\u00e7a dos f\u00e3s. Na mesma manifesta\u00e7\u00e3o, Simone admitiu que aceitaria participar de \u201ctr\u00eas ou quatro shows\u201d para matar a saudade do p\u00fablico. Isso significa que a antiga dupla n\u00e3o deve voltar a funcionar com agenda fixa, novos contratos e lan\u00e7amentos cont\u00ednuos. Uma pequena turn\u00ea comemorativa ou apresenta\u00e7\u00f5es pontuais, contudo, continuam entre as possibilidades consideradas pela cantora. FONTE: MOVIMENTO COUNTRY<\/p>\n","protected":false},"author":1,"featured_media":1974,"comment_status":"open","ping_status":"open","sticky":false,"template":"","format":"standard","meta":{"footnotes":""},"categories":[1],"tags":[],"class_list":["post-1973","post","type-post","status-publish","format-standard","has-post-thumbnail","hentry","category-sem-categoria"],"_links":{"self":[{"href":"https:\/\/educadoramoc.com\/index.php?rest_route=\/wp\/v2\/posts\/1973","targetHints":{"allow":["GET"]}}],"collection":[{"href":"https:\/\/educadoramoc.com\/index.php?rest_route=\/wp\/v2\/posts"}],"about":[{"href":"https:\/\/educadoramoc.com\/index.php?rest_route=\/wp\/v2\/types\/post"}],"author":[{"embeddable":true,"href":"https:\/\/educadoramoc.com\/index.php?rest_route=\/wp\/v2\/users\/1"}],"replies":[{"embeddable":true,"href":"https:\/\/educadoramoc.com\/index.php?rest_route=%2Fwp%2Fv2%2Fcomments&post=1973"}],"version-history":[{"count":1,"href":"https:\/\/educadoramoc.com\/index.php?rest_route=\/wp\/v2\/posts\/1973\/revisions"}],"predecessor-version":[{"id":1975,"href":"https:\/\/educadoramoc.com\/index.php?rest_route=\/wp\/v2\/posts\/1973\/revisions\/1975"}],"wp:featuredmedia":[{"embeddable":true,"href":"https:\/\/educadoramoc.com\/index.php?rest_route=\/wp\/v2\/media\/1974"}],"wp:attachment":[{"href":"https:\/\/educadoramoc.com\/index.php?rest_route=%2Fwp%2Fv2%2Fmedia&parent=1973"}],"wp:term":[{"taxonomy":"category","embeddable":true,"href":"https:\/\/educadoramoc.com\/index.php?rest_route=%2Fwp%2Fv2%2Fcategories&post=1973"},{"taxonomy":"post_tag","embeddable":true,"href":"https:\/\/educadoramoc.com\/index.php?rest_route=%2Fwp%2Fv2%2Ftags&post=1973"}],"curies":[{"name":"wp","href":"https:\/\/api.w.org\/{rel}","templated":true}]}}