{"id":1970,"date":"2026-08-24T15:31:44","date_gmt":"2026-08-24T18:31:44","guid":{"rendered":"https:\/\/educadoramoc.com\/?p=1970"},"modified":"2026-08-24T15:31:46","modified_gmt":"2026-08-24T18:31:46","slug":"barretos-2026-tem-brigas-e-polemicas-no-fim-de-semana","status":"publish","type":"post","link":"https:\/\/educadoramoc.com\/?p=1970","title":{"rendered":"Barretos 2026 tem brigas e pol\u00eamicas no fim de semana"},"content":{"rendered":"\n<p class=\"wp-block-paragraph\">O primeiro fim de semana de\u00a0<strong>Barretos 2026<\/strong>\u00a0terminou marcado por uma sequ\u00eancia de epis\u00f3dios que desviou parte das aten\u00e7\u00f5es dos shows e das competi\u00e7\u00f5es na arena. V\u00eddeos de brigas, reclama\u00e7\u00f5es sobre a seguran\u00e7a e discuss\u00f5es envolvendo influenciadores ganharam for\u00e7a nas redes sociais.<\/p>\n\n\n\n<p class=\"wp-block-paragraph\">A 71\u00aa&nbsp;<a href=\"https:\/\/movimentocountry.com\/programacao-barretos-2026-ingressos\/\">Festa do Pe\u00e3o de Barretos come\u00e7ou na quinta-feira<\/a>, 20 de agosto, cercada por grande expectativa. Entretanto, a repercuss\u00e3o de&nbsp;<strong>Barretos 2026<\/strong>&nbsp;n\u00e3o ficou limitada \u00e0 programa\u00e7\u00e3o musical, mesmo com apresenta\u00e7\u00f5es de artistas como Ana Castela e Gusttavo Lima.<\/p>\n\n\n\n<p class=\"wp-block-paragraph\">Ao longo dos primeiros dias, registros feitos por frequentadores mostraram tumultos e agress\u00f5es f\u00edsicas nas arquibancadas e em \u00e1reas comuns. As imagens circularam rapidamente, provocando indigna\u00e7\u00e3o e levantando questionamentos sobre a capacidade de resposta das equipes respons\u00e1veis pela seguran\u00e7a.<\/p>\n\n\n\n<p class=\"wp-block-paragraph\">Os confrontos registrados pelo p\u00fablico se tornaram um dos assuntos mais comentados do primeiro fim de semana. Em diferentes publica\u00e7\u00f5es, frequentadores relataram momentos de tens\u00e3o e cobraram uma atua\u00e7\u00e3o mais r\u00e1pida dos profissionais encarregados de conter as confus\u00f5es.<\/p>\n\n\n\n<p class=\"wp-block-paragraph\">As cr\u00edticas n\u00e3o ficaram restritas \u00e0 exist\u00eancia das brigas. Parte do p\u00fablico reclamou da demora percebida na interven\u00e7\u00e3o dos seguran\u00e7as, especialmente diante da quantidade de pessoas reunidas nas arquibancadas e nos espa\u00e7os de circula\u00e7\u00e3o.<\/p>\n\n\n\n<p class=\"wp-block-paragraph\">Por reunir visitantes de diferentes estados e ser considerada uma das maiores celebra\u00e7\u00f5es sertanejas da Am\u00e9rica Latina, a&nbsp;<strong>Festa do Pe\u00e3o de Barretos<\/strong>&nbsp;carrega uma responsabilidade proporcional \u00e0 sua dimens\u00e3o. Qualquer ocorr\u00eancia dentro do Parque do Pe\u00e3o alcan\u00e7a rapidamente as redes e passa a disputar espa\u00e7o com os acontecimentos da arena.<\/p>\n\n\n\n<p class=\"wp-block-paragraph\">Foi exatamente o que aconteceu. Os v\u00eddeos das agress\u00f5es passaram a circular paralelamente aos registros dos shows, criando um contraste entre a celebra\u00e7\u00e3o nos palcos e os momentos de tens\u00e3o vividos por parte dos frequentadores.<\/p>\n\n\n\n<p class=\"wp-block-paragraph\">Outro epis\u00f3dio que aumentou a temperatura dos bastidores envolveu o influenciador John Vlogs. Sua presen\u00e7a na abertura foi questionada por internautas que consideraram sua participa\u00e7\u00e3o desconectada da tradi\u00e7\u00e3o e do perfil dos pe\u00f5es presentes na festa.<\/p>\n\n\n\n<p class=\"wp-block-paragraph\">No s\u00e1bado, o influenciador relatou que foi impedido de continuar produzindo v\u00eddeos e transmitindo trechos do evento. Inconformado, John Vlogs recorreu \u00e0s pr\u00f3prias redes sociais para desabafar sobre a decis\u00e3o atribu\u00edda \u00e0 organiza\u00e7\u00e3o do rodeio.<\/p>\n\n\n\n<p class=\"wp-block-paragraph\"><a href=\"https:\/\/movimentocountry.com\/barretos-2026-tem-brigas-e-polemicas\/\">FONTE: MOVIMENTO COUNTRY<\/a><\/p>\n\n\n\n<p class=\"wp-block-paragraph\"><\/p>\n","protected":false},"excerpt":{"rendered":"<p>O primeiro fim de semana de\u00a0Barretos 2026\u00a0terminou marcado por uma sequ\u00eancia de epis\u00f3dios que desviou parte das aten\u00e7\u00f5es dos shows e das competi\u00e7\u00f5es na arena. V\u00eddeos de brigas, reclama\u00e7\u00f5es sobre a seguran\u00e7a e discuss\u00f5es envolvendo influenciadores ganharam for\u00e7a nas redes sociais. A 71\u00aa&nbsp;Festa do Pe\u00e3o de Barretos come\u00e7ou na quinta-feira, 20 de agosto, cercada por grande expectativa. Entretanto, a repercuss\u00e3o de&nbsp;Barretos 2026&nbsp;n\u00e3o ficou limitada \u00e0 programa\u00e7\u00e3o musical, mesmo com apresenta\u00e7\u00f5es de artistas como Ana Castela e Gusttavo Lima. Ao longo dos primeiros dias, registros feitos por frequentadores mostraram tumultos e agress\u00f5es f\u00edsicas nas arquibancadas e em \u00e1reas comuns. As imagens circularam rapidamente, provocando indigna\u00e7\u00e3o e levantando questionamentos sobre a capacidade de resposta das equipes respons\u00e1veis pela seguran\u00e7a. Os confrontos registrados pelo p\u00fablico se tornaram um dos assuntos mais comentados do primeiro fim de semana. Em diferentes publica\u00e7\u00f5es, frequentadores relataram momentos de tens\u00e3o e cobraram uma atua\u00e7\u00e3o mais r\u00e1pida dos profissionais encarregados de conter as confus\u00f5es. As cr\u00edticas n\u00e3o ficaram restritas \u00e0 exist\u00eancia das brigas. Parte do p\u00fablico reclamou da demora percebida na interven\u00e7\u00e3o dos seguran\u00e7as, especialmente diante da quantidade de pessoas reunidas nas arquibancadas e nos espa\u00e7os de circula\u00e7\u00e3o. Por reunir visitantes de diferentes estados e ser considerada uma das maiores celebra\u00e7\u00f5es sertanejas da Am\u00e9rica Latina, a&nbsp;Festa do Pe\u00e3o de Barretos&nbsp;carrega uma responsabilidade proporcional \u00e0 sua dimens\u00e3o. Qualquer ocorr\u00eancia dentro do Parque do Pe\u00e3o alcan\u00e7a rapidamente as redes e passa a disputar espa\u00e7o com os acontecimentos da arena. Foi exatamente o que aconteceu. Os v\u00eddeos das agress\u00f5es passaram a circular paralelamente aos registros dos shows, criando um contraste entre a celebra\u00e7\u00e3o nos palcos e os momentos de tens\u00e3o vividos por parte dos frequentadores. Outro epis\u00f3dio que aumentou a temperatura dos bastidores envolveu o influenciador John Vlogs. Sua presen\u00e7a na abertura foi questionada por internautas que consideraram sua participa\u00e7\u00e3o desconectada da tradi\u00e7\u00e3o e do perfil dos pe\u00f5es presentes na festa. No s\u00e1bado, o influenciador relatou que foi impedido de continuar produzindo v\u00eddeos e transmitindo trechos do evento. Inconformado, John Vlogs recorreu \u00e0s pr\u00f3prias redes sociais para desabafar sobre a decis\u00e3o atribu\u00edda \u00e0 organiza\u00e7\u00e3o do rodeio. FONTE: MOVIMENTO COUNTRY<\/p>\n","protected":false},"author":1,"featured_media":1971,"comment_status":"open","ping_status":"open","sticky":false,"template":"","format":"standard","meta":{"footnotes":""},"categories":[1],"tags":[],"class_list":["post-1970","post","type-post","status-publish","format-standard","has-post-thumbnail","hentry","category-sem-categoria"],"_links":{"self":[{"href":"https:\/\/educadoramoc.com\/index.php?rest_route=\/wp\/v2\/posts\/1970","targetHints":{"allow":["GET"]}}],"collection":[{"href":"https:\/\/educadoramoc.com\/index.php?rest_route=\/wp\/v2\/posts"}],"about":[{"href":"https:\/\/educadoramoc.com\/index.php?rest_route=\/wp\/v2\/types\/post"}],"author":[{"embeddable":true,"href":"https:\/\/educadoramoc.com\/index.php?rest_route=\/wp\/v2\/users\/1"}],"replies":[{"embeddable":true,"href":"https:\/\/educadoramoc.com\/index.php?rest_route=%2Fwp%2Fv2%2Fcomments&post=1970"}],"version-history":[{"count":1,"href":"https:\/\/educadoramoc.com\/index.php?rest_route=\/wp\/v2\/posts\/1970\/revisions"}],"predecessor-version":[{"id":1972,"href":"https:\/\/educadoramoc.com\/index.php?rest_route=\/wp\/v2\/posts\/1970\/revisions\/1972"}],"wp:featuredmedia":[{"embeddable":true,"href":"https:\/\/educadoramoc.com\/index.php?rest_route=\/wp\/v2\/media\/1971"}],"wp:attachment":[{"href":"https:\/\/educadoramoc.com\/index.php?rest_route=%2Fwp%2Fv2%2Fmedia&parent=1970"}],"wp:term":[{"taxonomy":"category","embeddable":true,"href":"https:\/\/educadoramoc.com\/index.php?rest_route=%2Fwp%2Fv2%2Fcategories&post=1970"},{"taxonomy":"post_tag","embeddable":true,"href":"https:\/\/educadoramoc.com\/index.php?rest_route=%2Fwp%2Fv2%2Ftags&post=1970"}],"curies":[{"name":"wp","href":"https:\/\/api.w.org\/{rel}","templated":true}]}}