{"id":1963,"date":"2026-08-20T15:23:57","date_gmt":"2026-08-20T18:23:57","guid":{"rendered":"https:\/\/educadoramoc.com\/?p=1963"},"modified":"2026-08-20T15:23:59","modified_gmt":"2026-08-20T18:23:59","slug":"paula-fernandes-clama-por-mais-mulheres-nas-festas-sertanejas-merecemos","status":"publish","type":"post","link":"https:\/\/educadoramoc.com\/?p=1963","title":{"rendered":"Paula Fernandes clama por mais mulheres nas festas sertanejas: \u2018Merecemos\u2019"},"content":{"rendered":"\n<p class=\"wp-block-paragraph\">Durante a coletiva de imprensa para o lan\u00e7amento do projeto \u201c30 &amp; Poucos Anos\u201d, Pa<a href=\"https:\/\/movimentocountry.com\/paula-fernandes-vila\/\">ula Fernandes ressaltou a necessidade de maior inclus\u00e3o<\/a>\u00a0de mulheres nas festas sertanejas. A cantora destacou que, apesar da crescente popularidade do\u00a0<strong>feminejo<\/strong>, ainda h\u00e1 obst\u00e1culos significativos a serem superados.<\/p>\n\n\n\n<p class=\"wp-block-paragraph\">Paula enfatizou que a divis\u00e3o de espa\u00e7o em festivais e shows continua desigual. Ela afirmou:&nbsp;<em>\u201cSempre falo nas entrevistas, acho que as grades de shows t\u00eam homens demais e mulheres de menos, merecemos mais espa\u00e7o\u201d<\/em>. Com essa declara\u00e7\u00e3o, a&nbsp;<a href=\"https:\/\/movimentocountry.com\/paula-fernandes-melhor-fase\/\">artista quer aumentar a<\/a>&nbsp;visibilidade das cantoras no g\u00eanero, geralmente dominado por cantores masculinos.<\/p>\n\n\n\n<p class=\"wp-block-paragraph\">A artista tamb\u00e9m refletiu sobre o preconceito que enfrenta no setor. Embora tenha experienciado resist\u00eancia, ela acredita que a situa\u00e7\u00e3o para as cantoras atuais j\u00e1 \u00e9 menos severa do que em d\u00e9cadas passadas.&nbsp;<em>\u201cTivemos a\u00ed cantoras valentes, acho que antes de mim era mais dif\u00edcil do que quando eu cheguei\u201d<\/em>, comentou, relembrando os desafios que suas predecessoras enfrentaram. Ela menciona que, em sua \u00e9poca, o estigma contra mulheres que desejavam ser cantoras era forte.<\/p>\n\n\n\n<p class=\"wp-block-paragraph\">Ao refletir sobre o passado,\u00a0<a href=\"https:\/\/movimentocountry.com\/projeto-paula-fernandes\/\">Paula Fernandes lembrou das<\/a>\u00a0dificuldades culturais enfrentadas. Ela citou que muitas vezes as aspira\u00e7\u00f5es musicais eram desencorajadas por familiares, que acreditavam que tornar-se cantora era algo desonroso. A cantora detalhou:\u00a0<em>\u201cAs mulheres n\u00e3o podiam ousar querer virar cantora, porque os pais diziam que era coisa de \u2018mulher da rua\u2019<\/em>, alimentando o preconceito que ainda hoje acompanha o setor.<\/p>\n\n\n\n<p class=\"wp-block-paragraph\">O projeto \u201c30 &amp; Poucos Anos\u201d n\u00e3o \u00e9 apenas um marco para a cantora, mas tamb\u00e9m vem com a inten\u00e7\u00e3o de inspirar novas gera\u00e7\u00f5es de artistas. Por meio dele, Paula busca mostrar que as mulheres t\u00eam um lugar importante&nbsp;<a href=\"https:\/\/movimentocountry.com\/hugo-henrique-lanca-album-tributo\/\">no cen\u00e1rio musical sertanejo<\/a>. A press\u00e3o por maior equidade nas festivais reflete um desejo coletivo de mudan\u00e7a no setor, onde&nbsp;<strong>cantoras sertanejas<\/strong>&nbsp;desejam expressar seu talento sem limita\u00e7\u00f5es.<\/p>\n\n\n\n<p class=\"wp-block-paragraph\">At\u00e9 o momento, n\u00e3o h\u00e1 informa\u00e7\u00f5es sobre poss\u00edveis a\u00e7\u00f5es futuras ou eventos espec\u00edficos relacionados ao projeto. A resist\u00eancia enfrentada por Paula e muitas outras artistas destaca um desafio cont\u00ednuo que, apesar dos avan\u00e7os, ainda persegue o g\u00eanero musical.<\/p>\n\n\n\n<p class=\"wp-block-paragraph\"><a href=\"https:\/\/movimentocountry.com\/paula-fernandes-mais-mulheres\/\">FONTE: MOVIMENTO COUNTRY <\/a><\/p>\n\n\n\n<p class=\"wp-block-paragraph\"><\/p>\n","protected":false},"excerpt":{"rendered":"<p>Durante a coletiva de imprensa para o lan\u00e7amento do projeto \u201c30 &amp; Poucos Anos\u201d, Paula Fernandes ressaltou a necessidade de maior inclus\u00e3o\u00a0de mulheres nas festas sertanejas. A cantora destacou que, apesar da crescente popularidade do\u00a0feminejo, ainda h\u00e1 obst\u00e1culos significativos a serem superados. Paula enfatizou que a divis\u00e3o de espa\u00e7o em festivais e shows continua desigual. Ela afirmou:&nbsp;\u201cSempre falo nas entrevistas, acho que as grades de shows t\u00eam homens demais e mulheres de menos, merecemos mais espa\u00e7o\u201d. Com essa declara\u00e7\u00e3o, a&nbsp;artista quer aumentar a&nbsp;visibilidade das cantoras no g\u00eanero, geralmente dominado por cantores masculinos. A artista tamb\u00e9m refletiu sobre o preconceito que enfrenta no setor. Embora tenha experienciado resist\u00eancia, ela acredita que a situa\u00e7\u00e3o para as cantoras atuais j\u00e1 \u00e9 menos severa do que em d\u00e9cadas passadas.&nbsp;\u201cTivemos a\u00ed cantoras valentes, acho que antes de mim era mais dif\u00edcil do que quando eu cheguei\u201d, comentou, relembrando os desafios que suas predecessoras enfrentaram. Ela menciona que, em sua \u00e9poca, o estigma contra mulheres que desejavam ser cantoras era forte. Ao refletir sobre o passado,\u00a0Paula Fernandes lembrou das\u00a0dificuldades culturais enfrentadas. Ela citou que muitas vezes as aspira\u00e7\u00f5es musicais eram desencorajadas por familiares, que acreditavam que tornar-se cantora era algo desonroso. A cantora detalhou:\u00a0\u201cAs mulheres n\u00e3o podiam ousar querer virar cantora, porque os pais diziam que era coisa de \u2018mulher da rua\u2019, alimentando o preconceito que ainda hoje acompanha o setor. O projeto \u201c30 &amp; Poucos Anos\u201d n\u00e3o \u00e9 apenas um marco para a cantora, mas tamb\u00e9m vem com a inten\u00e7\u00e3o de inspirar novas gera\u00e7\u00f5es de artistas. Por meio dele, Paula busca mostrar que as mulheres t\u00eam um lugar importante&nbsp;no cen\u00e1rio musical sertanejo. A press\u00e3o por maior equidade nas festivais reflete um desejo coletivo de mudan\u00e7a no setor, onde&nbsp;cantoras sertanejas&nbsp;desejam expressar seu talento sem limita\u00e7\u00f5es. At\u00e9 o momento, n\u00e3o h\u00e1 informa\u00e7\u00f5es sobre poss\u00edveis a\u00e7\u00f5es futuras ou eventos espec\u00edficos relacionados ao projeto. A resist\u00eancia enfrentada por Paula e muitas outras artistas destaca um desafio cont\u00ednuo que, apesar dos avan\u00e7os, ainda persegue o g\u00eanero musical. FONTE: MOVIMENTO COUNTRY<\/p>\n","protected":false},"author":1,"featured_media":1964,"comment_status":"open","ping_status":"open","sticky":false,"template":"","format":"standard","meta":{"footnotes":""},"categories":[1],"tags":[],"class_list":["post-1963","post","type-post","status-publish","format-standard","has-post-thumbnail","hentry","category-sem-categoria"],"_links":{"self":[{"href":"https:\/\/educadoramoc.com\/index.php?rest_route=\/wp\/v2\/posts\/1963","targetHints":{"allow":["GET"]}}],"collection":[{"href":"https:\/\/educadoramoc.com\/index.php?rest_route=\/wp\/v2\/posts"}],"about":[{"href":"https:\/\/educadoramoc.com\/index.php?rest_route=\/wp\/v2\/types\/post"}],"author":[{"embeddable":true,"href":"https:\/\/educadoramoc.com\/index.php?rest_route=\/wp\/v2\/users\/1"}],"replies":[{"embeddable":true,"href":"https:\/\/educadoramoc.com\/index.php?rest_route=%2Fwp%2Fv2%2Fcomments&post=1963"}],"version-history":[{"count":1,"href":"https:\/\/educadoramoc.com\/index.php?rest_route=\/wp\/v2\/posts\/1963\/revisions"}],"predecessor-version":[{"id":1965,"href":"https:\/\/educadoramoc.com\/index.php?rest_route=\/wp\/v2\/posts\/1963\/revisions\/1965"}],"wp:featuredmedia":[{"embeddable":true,"href":"https:\/\/educadoramoc.com\/index.php?rest_route=\/wp\/v2\/media\/1964"}],"wp:attachment":[{"href":"https:\/\/educadoramoc.com\/index.php?rest_route=%2Fwp%2Fv2%2Fmedia&parent=1963"}],"wp:term":[{"taxonomy":"category","embeddable":true,"href":"https:\/\/educadoramoc.com\/index.php?rest_route=%2Fwp%2Fv2%2Fcategories&post=1963"},{"taxonomy":"post_tag","embeddable":true,"href":"https:\/\/educadoramoc.com\/index.php?rest_route=%2Fwp%2Fv2%2Ftags&post=1963"}],"curies":[{"name":"wp","href":"https:\/\/api.w.org\/{rel}","templated":true}]}}