{"id":1673,"date":"2026-04-28T15:21:47","date_gmt":"2026-04-28T18:21:47","guid":{"rendered":"https:\/\/educadoramoc.com\/?p=1673"},"modified":"2026-04-28T15:21:59","modified_gmt":"2026-04-28T18:21:59","slug":"icones-da-musica-sertaneja-sao-donos-de-fazenda-de-luxo-com-lago-e-criacao-rural","status":"publish","type":"post","link":"https:\/\/educadoramoc.com\/?p=1673","title":{"rendered":"\u00cdcones da m\u00fasica sertaneja s\u00e3o donos de fazenda de luxo com lago e cria\u00e7\u00e3o rural"},"content":{"rendered":"\n<p>Nem sempre o sil\u00eancio do campo combina com artistas acostumados a multid\u00f5es, luzes e agendas lotadas. Ainda assim, alguns nomes da m\u00fasica brasileira encontraram justamente na vida rural o equil\u00edbrio entre fama e tranquilidade. Longe dos grandes centros urbanos, uma propriedade cercada por natureza virou o verdadeiro ref\u00fagio de dois cantores que dominam as paradas sertanejas h\u00e1 d\u00e9cadas.<\/p>\n\n\n\n<p>A fazenda, localizada no interior de S\u00e3o Paulo, re\u00fane elementos t\u00edpicos da vida no campo com uma estrutura pensada para lazer, descanso e conviv\u00eancia familiar. O espa\u00e7o, que mistura tradi\u00e7\u00e3o agropecu\u00e1ria e conforto moderno, passou a chamar aten\u00e7\u00e3o ap\u00f3s imagens da propriedade circularem em reportagens televisivas e registros compartilhados pelos pr\u00f3prios artistas.<\/p>\n\n\n\n<h2 class=\"wp-block-heading\">Ref\u00fagio rural cercado por natureza e estrutura completa<\/h2>\n\n\n\n<p>O im\u00f3vel fica em uma regi\u00e3o rural conhecida pelo clima tranquilo, estradas de terra e grandes extens\u00f5es verdes, cen\u00e1rio ideal para quem busca desacelerar ap\u00f3s longas temporadas na estrada. A propriedade funciona como um verdadeiro complexo rural, com \u00e1reas destinadas tanto ao descanso quanto \u00e0s atividades produtivas.<\/p>\n\n\n\n<p>Entre os destaques est\u00e3o lago particular para pesca, amplos pastos, \u00e1reas arborizadas e espa\u00e7os voltados ao conv\u00edvio social. A sede principal segue o estilo cl\u00e1ssico das fazendas brasileiras, com varanda extensa, ambientes integrados e decora\u00e7\u00e3o que valoriza madeira, elementos r\u00fasticos e ilumina\u00e7\u00e3o natural.<\/p>\n\n\n\n<p>l\u00e9m da casa principal, a fazenda possui \u00e1reas destinadas a h\u00f3spedes e colaboradores, refor\u00e7ando a proposta de um espa\u00e7o vivo, onde o cotidiano rural acontece de forma constante. Amigos, familiares e parceiros da m\u00fasica frequentemente visitam o local, transformando o ambiente em ponto de encontro fora dos palcos.<\/p>\n\n\n\n<p>O espa\u00e7o tamb\u00e9m abriga cria\u00e7\u00e3o de animais e atividades t\u00edpicas do campo, mantendo viva a liga\u00e7\u00e3o dos propriet\u00e1rios com suas origens interioranas.<\/p>\n\n\n\n<p>No quinto par\u00e1grafo, vem a revela\u00e7\u00e3o: os donos desse ref\u00fagio s\u00e3o&nbsp;<strong>Rionegro &amp; Solim\u00f5es<\/strong>, artistas que constru\u00edram uma carreira s\u00f3lida no sertanejo e decidiram investir parte do patrim\u00f4nio em qualidade de vida e conex\u00e3o com a natureza.<\/p>\n\n\n\n<p><a href=\"https:\/\/caras.com.br\/casa-dos-famosos\/icones-da-musica-sertaneja-sao-donos-de-fazenda-de-luxo-com-lago-e-criacao-rural.phtml\">FONTE: CARAS<\/a><\/p>\n\n\n\n<p><\/p>\n","protected":false},"excerpt":{"rendered":"<p>Nem sempre o sil\u00eancio do campo combina com artistas acostumados a multid\u00f5es, luzes e agendas lotadas. Ainda assim, alguns nomes da m\u00fasica brasileira encontraram justamente na vida rural o equil\u00edbrio entre fama e tranquilidade. Longe dos grandes centros urbanos, uma propriedade cercada por natureza virou o verdadeiro ref\u00fagio de dois cantores que dominam as paradas sertanejas h\u00e1 d\u00e9cadas. A fazenda, localizada no interior de S\u00e3o Paulo, re\u00fane elementos t\u00edpicos da vida no campo com uma estrutura pensada para lazer, descanso e conviv\u00eancia familiar. O espa\u00e7o, que mistura tradi\u00e7\u00e3o agropecu\u00e1ria e conforto moderno, passou a chamar aten\u00e7\u00e3o ap\u00f3s imagens da propriedade circularem em reportagens televisivas e registros compartilhados pelos pr\u00f3prios artistas. Ref\u00fagio rural cercado por natureza e estrutura completa O im\u00f3vel fica em uma regi\u00e3o rural conhecida pelo clima tranquilo, estradas de terra e grandes extens\u00f5es verdes, cen\u00e1rio ideal para quem busca desacelerar ap\u00f3s longas temporadas na estrada. A propriedade funciona como um verdadeiro complexo rural, com \u00e1reas destinadas tanto ao descanso quanto \u00e0s atividades produtivas. Entre os destaques est\u00e3o lago particular para pesca, amplos pastos, \u00e1reas arborizadas e espa\u00e7os voltados ao conv\u00edvio social. A sede principal segue o estilo cl\u00e1ssico das fazendas brasileiras, com varanda extensa, ambientes integrados e decora\u00e7\u00e3o que valoriza madeira, elementos r\u00fasticos e ilumina\u00e7\u00e3o natural. l\u00e9m da casa principal, a fazenda possui \u00e1reas destinadas a h\u00f3spedes e colaboradores, refor\u00e7ando a proposta de um espa\u00e7o vivo, onde o cotidiano rural acontece de forma constante. Amigos, familiares e parceiros da m\u00fasica frequentemente visitam o local, transformando o ambiente em ponto de encontro fora dos palcos. O espa\u00e7o tamb\u00e9m abriga cria\u00e7\u00e3o de animais e atividades t\u00edpicas do campo, mantendo viva a liga\u00e7\u00e3o dos propriet\u00e1rios com suas origens interioranas. No quinto par\u00e1grafo, vem a revela\u00e7\u00e3o: os donos desse ref\u00fagio s\u00e3o&nbsp;Rionegro &amp; Solim\u00f5es, artistas que constru\u00edram uma carreira s\u00f3lida no sertanejo e decidiram investir parte do patrim\u00f4nio em qualidade de vida e conex\u00e3o com a natureza. FONTE: CARAS<\/p>\n","protected":false},"author":1,"featured_media":1674,"comment_status":"open","ping_status":"open","sticky":false,"template":"","format":"standard","meta":{"footnotes":""},"categories":[1],"tags":[],"class_list":["post-1673","post","type-post","status-publish","format-standard","has-post-thumbnail","hentry","category-sem-categoria"],"_links":{"self":[{"href":"https:\/\/educadoramoc.com\/index.php?rest_route=\/wp\/v2\/posts\/1673","targetHints":{"allow":["GET"]}}],"collection":[{"href":"https:\/\/educadoramoc.com\/index.php?rest_route=\/wp\/v2\/posts"}],"about":[{"href":"https:\/\/educadoramoc.com\/index.php?rest_route=\/wp\/v2\/types\/post"}],"author":[{"embeddable":true,"href":"https:\/\/educadoramoc.com\/index.php?rest_route=\/wp\/v2\/users\/1"}],"replies":[{"embeddable":true,"href":"https:\/\/educadoramoc.com\/index.php?rest_route=%2Fwp%2Fv2%2Fcomments&post=1673"}],"version-history":[{"count":1,"href":"https:\/\/educadoramoc.com\/index.php?rest_route=\/wp\/v2\/posts\/1673\/revisions"}],"predecessor-version":[{"id":1675,"href":"https:\/\/educadoramoc.com\/index.php?rest_route=\/wp\/v2\/posts\/1673\/revisions\/1675"}],"wp:featuredmedia":[{"embeddable":true,"href":"https:\/\/educadoramoc.com\/index.php?rest_route=\/wp\/v2\/media\/1674"}],"wp:attachment":[{"href":"https:\/\/educadoramoc.com\/index.php?rest_route=%2Fwp%2Fv2%2Fmedia&parent=1673"}],"wp:term":[{"taxonomy":"category","embeddable":true,"href":"https:\/\/educadoramoc.com\/index.php?rest_route=%2Fwp%2Fv2%2Fcategories&post=1673"},{"taxonomy":"post_tag","embeddable":true,"href":"https:\/\/educadoramoc.com\/index.php?rest_route=%2Fwp%2Fv2%2Ftags&post=1673"}],"curies":[{"name":"wp","href":"https:\/\/api.w.org\/{rel}","templated":true}]}}