{"id":1670,"date":"2026-04-24T08:56:56","date_gmt":"2026-04-24T11:56:56","guid":{"rendered":"https:\/\/educadoramoc.com\/?p=1670"},"modified":"2026-04-24T08:56:57","modified_gmt":"2026-04-24T11:56:57","slug":"luan-santana-renova-contrato-com-a-sony-music-em-meio-a-turne-historica-e-reforca-fase-mais-solida-da-carreira","status":"publish","type":"post","link":"https:\/\/educadoramoc.com\/?p=1670","title":{"rendered":"Luan Santana renova contrato com a Sony Music em meio a turn\u00ea hist\u00f3rica e refor\u00e7a fase mais s\u00f3lida da carreira"},"content":{"rendered":"\n<p id=\"viewer-egrol439\">Com n\u00fameros impressionantes e conex\u00e3o intensa com os f\u00e3s, artista vive um dos momentos mais marcantes da sua trajet\u00f3ria<\/p>\n\n\n\n<p id=\"viewer-ghjfv97\">Em meio a uma fase que j\u00e1 entrou para a hist\u00f3ria do sertanejo, <strong>Luan Santana<\/strong>&nbsp;reafirma sua for\u00e7a no mercado ao renovar seu contrato com a <em>Sony Music<\/em>, consolidando n\u00e3o s\u00f3 sua relev\u00e2ncia como artista, mas tamb\u00e9m a pot\u00eancia de um projeto que vem impactando f\u00e3s em todo o pa\u00eds.<\/p>\n\n\n\n<p id=\"viewer-4pwzq101\">A renova\u00e7\u00e3o chega em um momento estrat\u00e9gico: enquanto a atual turn\u00ea do cantor acumula n\u00fameros expressivos, casas cheias e uma repercuss\u00e3o que ultrapassa os palcos, se transformando em um verdadeiro fen\u00f4meno entre o p\u00fablico.<\/p>\n\n\n\n<h2 class=\"wp-block-heading\" id=\"viewer-wskly103\">Uma renova\u00e7\u00e3o que acompanha o momento certo<\/h2>\n\n\n\n<p id=\"viewer-2uwgg105\">Mais do que um movimento de carreira, a renova\u00e7\u00e3o do contrato representa estabilidade, confian\u00e7a e continuidade em um projeto que vem sendo constru\u00eddo com consist\u00eancia.<\/p>\n\n\n\n<p id=\"viewer-f59cf107\">Luan n\u00e3o apenas mant\u00e9m sua posi\u00e7\u00e3o entre os maiores nomes do sertanejo, como tamb\u00e9m mostra que sabe reconhecer o timing certo de fortalecer parcerias especialmente quando o resultado est\u00e1 sendo sentido diretamente pelo p\u00fablico.<\/p>\n\n\n\n<p id=\"viewer-k34n5109\">E o p\u00fablico\u2026 est\u00e1 respondendo.<\/p>\n\n\n\n<h2 class=\"wp-block-heading\" id=\"viewer-6oyzc111\">Turn\u00ea hist\u00f3rica: mais que shows, uma experi\u00eancia<\/h2>\n\n\n\n<p id=\"viewer-vqzs3113\">A atual turn\u00ea do artista j\u00e1 pode ser considerada um marco. Com produ\u00e7\u00e3o grandiosa, repert\u00f3rio que atravessa fases da carreira e uma entrega emocional no palco, Luan transforma cada apresenta\u00e7\u00e3o em uma experi\u00eancia coletiva.<\/p>\n\n\n\n<p id=\"viewer-w7bn2115\">N\u00e3o \u00e9 s\u00f3 sobre m\u00fasica.\u00c9 sobre mem\u00f3ria, conex\u00e3o e identifica\u00e7\u00e3o.<\/p>\n\n\n\n<p id=\"viewer-jpysp117\">Os registros que circulam nas redes deixam isso evidente: multid\u00f5es cantando em coro, f\u00e3s emocionados e uma atmosfera que s\u00f3 artistas com trajet\u00f3ria consolidada conseguem criar.<\/p>\n\n\n\n<h2 class=\"wp-block-heading\" id=\"viewer-oxglm119\">O impacto direto nos f\u00e3s e no sertanejo<\/h2>\n\n\n\n<p id=\"viewer-nzttl121\">Para quem acompanha o sertanejo de perto, \u00e9 imposs\u00edvel ignorar o peso desse momento. A turn\u00ea n\u00e3o s\u00f3 refor\u00e7a o nome de Luan Santana no topo, como tamb\u00e9m movimenta o cen\u00e1rio, inspira novos projetos e eleva o n\u00edvel das produ\u00e7\u00f5es ao vivo.<\/p>\n\n\n\n<p id=\"viewer-aqe1x123\">Para os f\u00e3s, o sentimento \u00e9 claro:estar presente nesses shows \u00e9 fazer parte de algo maior.<\/p>\n\n\n\n<p id=\"viewer-yqh4x125\">E talvez seja justamente isso que torna essa fase t\u00e3o especial a sensa\u00e7\u00e3o de que estamos vivendo um cap\u00edtulo importante da hist\u00f3ria, em tempo real.<\/p>\n\n\n\n<p id=\"viewer-hjmju127\">A renova\u00e7\u00e3o do contrato, nesse contexto, n\u00e3o \u00e9 s\u00f3 uma formalidade de mercado.\u00c9 a confirma\u00e7\u00e3o de que essa hist\u00f3ria ainda tem muito para crescer.<\/p>\n\n\n\n<p><a href=\"https:\/\/www.girlsertanejo.com\/post\/luan-santana-renova-contrato-turne-historica\">FONTE: GIRL SERTANEJO <\/a><\/p>\n\n\n\n<p><\/p>\n","protected":false},"excerpt":{"rendered":"<p>Com n\u00fameros impressionantes e conex\u00e3o intensa com os f\u00e3s, artista vive um dos momentos mais marcantes da sua trajet\u00f3ria Em meio a uma fase que j\u00e1 entrou para a hist\u00f3ria do sertanejo, Luan Santana&nbsp;reafirma sua for\u00e7a no mercado ao renovar seu contrato com a Sony Music, consolidando n\u00e3o s\u00f3 sua relev\u00e2ncia como artista, mas tamb\u00e9m a pot\u00eancia de um projeto que vem impactando f\u00e3s em todo o pa\u00eds. A renova\u00e7\u00e3o chega em um momento estrat\u00e9gico: enquanto a atual turn\u00ea do cantor acumula n\u00fameros expressivos, casas cheias e uma repercuss\u00e3o que ultrapassa os palcos, se transformando em um verdadeiro fen\u00f4meno entre o p\u00fablico. Uma renova\u00e7\u00e3o que acompanha o momento certo Mais do que um movimento de carreira, a renova\u00e7\u00e3o do contrato representa estabilidade, confian\u00e7a e continuidade em um projeto que vem sendo constru\u00eddo com consist\u00eancia. Luan n\u00e3o apenas mant\u00e9m sua posi\u00e7\u00e3o entre os maiores nomes do sertanejo, como tamb\u00e9m mostra que sabe reconhecer o timing certo de fortalecer parcerias especialmente quando o resultado est\u00e1 sendo sentido diretamente pelo p\u00fablico. E o p\u00fablico\u2026 est\u00e1 respondendo. Turn\u00ea hist\u00f3rica: mais que shows, uma experi\u00eancia A atual turn\u00ea do artista j\u00e1 pode ser considerada um marco. Com produ\u00e7\u00e3o grandiosa, repert\u00f3rio que atravessa fases da carreira e uma entrega emocional no palco, Luan transforma cada apresenta\u00e7\u00e3o em uma experi\u00eancia coletiva. N\u00e3o \u00e9 s\u00f3 sobre m\u00fasica.\u00c9 sobre mem\u00f3ria, conex\u00e3o e identifica\u00e7\u00e3o. Os registros que circulam nas redes deixam isso evidente: multid\u00f5es cantando em coro, f\u00e3s emocionados e uma atmosfera que s\u00f3 artistas com trajet\u00f3ria consolidada conseguem criar. O impacto direto nos f\u00e3s e no sertanejo Para quem acompanha o sertanejo de perto, \u00e9 imposs\u00edvel ignorar o peso desse momento. A turn\u00ea n\u00e3o s\u00f3 refor\u00e7a o nome de Luan Santana no topo, como tamb\u00e9m movimenta o cen\u00e1rio, inspira novos projetos e eleva o n\u00edvel das produ\u00e7\u00f5es ao vivo. Para os f\u00e3s, o sentimento \u00e9 claro:estar presente nesses shows \u00e9 fazer parte de algo maior. E talvez seja justamente isso que torna essa fase t\u00e3o especial a sensa\u00e7\u00e3o de que estamos vivendo um cap\u00edtulo importante da hist\u00f3ria, em tempo real. A renova\u00e7\u00e3o do contrato, nesse contexto, n\u00e3o \u00e9 s\u00f3 uma formalidade de mercado.\u00c9 a confirma\u00e7\u00e3o de que essa hist\u00f3ria ainda tem muito para crescer. FONTE: GIRL SERTANEJO<\/p>\n","protected":false},"author":1,"featured_media":1671,"comment_status":"open","ping_status":"open","sticky":false,"template":"","format":"standard","meta":{"footnotes":""},"categories":[1],"tags":[],"class_list":["post-1670","post","type-post","status-publish","format-standard","has-post-thumbnail","hentry","category-sem-categoria"],"_links":{"self":[{"href":"https:\/\/educadoramoc.com\/index.php?rest_route=\/wp\/v2\/posts\/1670","targetHints":{"allow":["GET"]}}],"collection":[{"href":"https:\/\/educadoramoc.com\/index.php?rest_route=\/wp\/v2\/posts"}],"about":[{"href":"https:\/\/educadoramoc.com\/index.php?rest_route=\/wp\/v2\/types\/post"}],"author":[{"embeddable":true,"href":"https:\/\/educadoramoc.com\/index.php?rest_route=\/wp\/v2\/users\/1"}],"replies":[{"embeddable":true,"href":"https:\/\/educadoramoc.com\/index.php?rest_route=%2Fwp%2Fv2%2Fcomments&post=1670"}],"version-history":[{"count":1,"href":"https:\/\/educadoramoc.com\/index.php?rest_route=\/wp\/v2\/posts\/1670\/revisions"}],"predecessor-version":[{"id":1672,"href":"https:\/\/educadoramoc.com\/index.php?rest_route=\/wp\/v2\/posts\/1670\/revisions\/1672"}],"wp:featuredmedia":[{"embeddable":true,"href":"https:\/\/educadoramoc.com\/index.php?rest_route=\/wp\/v2\/media\/1671"}],"wp:attachment":[{"href":"https:\/\/educadoramoc.com\/index.php?rest_route=%2Fwp%2Fv2%2Fmedia&parent=1670"}],"wp:term":[{"taxonomy":"category","embeddable":true,"href":"https:\/\/educadoramoc.com\/index.php?rest_route=%2Fwp%2Fv2%2Fcategories&post=1670"},{"taxonomy":"post_tag","embeddable":true,"href":"https:\/\/educadoramoc.com\/index.php?rest_route=%2Fwp%2Fv2%2Ftags&post=1670"}],"curies":[{"name":"wp","href":"https:\/\/api.w.org\/{rel}","templated":true}]}}