{"id":1271,"date":"2025-09-15T09:29:48","date_gmt":"2025-09-15T12:29:48","guid":{"rendered":"https:\/\/educadoramoc.com\/?p=1271"},"modified":"2025-09-15T09:29:49","modified_gmt":"2025-09-15T12:29:49","slug":"naiara-azevedo-vai-gravar-projeto-especial-em-comemoracao-aos-15-anos-de-carreira","status":"publish","type":"post","link":"https:\/\/educadoramoc.com\/?p=1271","title":{"rendered":"Naiara Azevedo vai gravar projeto especial em comemora\u00e7\u00e3o aos 15 anos de carreira"},"content":{"rendered":"\n<p>Naiara Azevedo, uma das vozes femininas mais reconhecidas do g\u00eanero, vai gravar novo DVD. O projeto, intitulado \u201cNaiara15\u201d, simboliza os 15 anos de trajet\u00f3ria da cantora e promete um evento repleto de participa\u00e7\u00f5es not\u00e1veis e surpresas para o p\u00fablico.<\/p>\n\n\n\n<p>O show ser\u00e1 realizado dia 1\u00ba de Outubro no Espa\u00e7o Unimed, localizado em S\u00e3o Paulo, reunindo f\u00e3s e admiradores de diferentes partes do pa\u00eds. Para esse momento, al\u00e9m de um repert\u00f3rio representativo da carreira de Naiara Azevedo, o destaque fica por conta dos convidados especiais, que incluem artistas de refer\u00eancia no sertanejo atual.<\/p>\n\n\n\n<p>A proposta do evento \u00e9 n\u00e3o apenas revisitar sucessos passados, mas tamb\u00e9m apresentar m\u00fasicas in\u00e9ditas e parcerias in\u00e9ditas, ampliando a conex\u00e3o entre os diferentes estilos e gera\u00e7\u00f5es do sertanejo.<\/p>\n\n\n\n<h2 class=\"wp-block-heading\" id=\"quem-sao-os-principais-convidados-do-dvd-naiara15\">Quem s\u00e3o os principais convidados do DVD \u201cNaiara15\u201d?<\/h2>\n\n\n\n<p>Entre as atra\u00e7\u00f5es j\u00e1 confirmadas, Ana Castela e a dupla Maiara &amp; Maraisa chamam aten\u00e7\u00e3o como nomes de peso para esse projeto. Ambas s\u00e3o conhecidas por suas contribui\u00e7\u00f5es ao crescimento e \u00e0 diversidade do sertanejo nos \u00faltimos anos.<\/p>\n\n\n\n<p>Al\u00e9m destes, Murilo Huff, cantor e compositor respeitado, integra a lista de participa\u00e7\u00f5es especiais, agregando ainda mais valor \u00e0 grava\u00e7\u00e3o. Murilo \u00e9 famoso pela habilidade em letras envolventes e melodias que rapidamente conquistam o p\u00fablico nos palcos de todo o Brasil.<\/p>\n\n\n\n<p>Os convidados refletem a proposta de Naiara Azevedo de mostrar versatilidade no repert\u00f3rio, permitindo que diferentes estilos sertanejos dividam o mesmo espa\u00e7o. Essa uni\u00e3o em um grande evento musical faz com que o DVD se torne uma pe\u00e7a relevante n\u00e3o apenas para marcar a carreira da artista, mas tamb\u00e9m para celebrar a for\u00e7a coletiva do g\u00eanero no pa\u00eds.<\/p>\n\n\n\n<h2 class=\"wp-block-heading\" id=\"o-que-torna-o-projeto-naiara15-especial-para-a-musica-sertaneja\">O que torna o projeto \u201cNaiara15\u201d especial para a m\u00fasica sertaneja?<\/h2>\n\n\n\n<p>A produ\u00e7\u00e3o do DVD vai muito al\u00e9m da comemora\u00e7\u00e3o pessoal. \u201cNaiara15\u201d surge num momento em que o sertanejo vive expans\u00f5es e fus\u00f5es com outros estilos musicais, ampliando seu p\u00fablico e consolidando novas refer\u00eancias. O formato de grava\u00e7\u00e3o ao vivo, com p\u00fablico presente em S\u00e3o Paulo, oferece atmosfera \u00fanica, capturando emo\u00e7\u00f5es e espontaneidade dos artistas.<\/p>\n\n\n\n<p>Esses registros costumam ganhar relev\u00e2ncia por evidenciar n\u00e3o s\u00f3 o talento individual, mas tamb\u00e9m a energia do entrosamento entre convidados especiais. O projeto \u201cNaiara15\u201d representa um momento emblem\u00e1tico para Naiara Azevedo.<\/p>\n\n\n\n<p>Celebrar a trajet\u00f3ria de 15 anos com uma produ\u00e7\u00e3o especial, ao lado de grandes nomes da m\u00fasica, demonstra o reconhecimento conquistado pela artista ao longo dos anos. O show promete n\u00e3o apenas relembrar os principais sucessos, mas, sobretudo, fortalecer o g\u00eanero sertanejo ao reunir talentos, hist\u00f3rias e novos cap\u00edtulos para o p\u00fablico brasileiro.<\/p>\n\n\n\n<p><a href=\"https:\/\/sertanejotododia.com.br\/26173-2\/\">FONTE: STD <\/a><\/p>\n","protected":false},"excerpt":{"rendered":"<p>Naiara Azevedo, uma das vozes femininas mais reconhecidas do g\u00eanero, vai gravar novo DVD. O projeto, intitulado \u201cNaiara15\u201d, simboliza os 15 anos de trajet\u00f3ria da cantora e promete um evento repleto de participa\u00e7\u00f5es not\u00e1veis e surpresas para o p\u00fablico. O show ser\u00e1 realizado dia 1\u00ba de Outubro no Espa\u00e7o Unimed, localizado em S\u00e3o Paulo, reunindo f\u00e3s e admiradores de diferentes partes do pa\u00eds. Para esse momento, al\u00e9m de um repert\u00f3rio representativo da carreira de Naiara Azevedo, o destaque fica por conta dos convidados especiais, que incluem artistas de refer\u00eancia no sertanejo atual. A proposta do evento \u00e9 n\u00e3o apenas revisitar sucessos passados, mas tamb\u00e9m apresentar m\u00fasicas in\u00e9ditas e parcerias in\u00e9ditas, ampliando a conex\u00e3o entre os diferentes estilos e gera\u00e7\u00f5es do sertanejo. Quem s\u00e3o os principais convidados do DVD \u201cNaiara15\u201d? Entre as atra\u00e7\u00f5es j\u00e1 confirmadas, Ana Castela e a dupla Maiara &amp; Maraisa chamam aten\u00e7\u00e3o como nomes de peso para esse projeto. Ambas s\u00e3o conhecidas por suas contribui\u00e7\u00f5es ao crescimento e \u00e0 diversidade do sertanejo nos \u00faltimos anos. Al\u00e9m destes, Murilo Huff, cantor e compositor respeitado, integra a lista de participa\u00e7\u00f5es especiais, agregando ainda mais valor \u00e0 grava\u00e7\u00e3o. Murilo \u00e9 famoso pela habilidade em letras envolventes e melodias que rapidamente conquistam o p\u00fablico nos palcos de todo o Brasil. Os convidados refletem a proposta de Naiara Azevedo de mostrar versatilidade no repert\u00f3rio, permitindo que diferentes estilos sertanejos dividam o mesmo espa\u00e7o. Essa uni\u00e3o em um grande evento musical faz com que o DVD se torne uma pe\u00e7a relevante n\u00e3o apenas para marcar a carreira da artista, mas tamb\u00e9m para celebrar a for\u00e7a coletiva do g\u00eanero no pa\u00eds. O que torna o projeto \u201cNaiara15\u201d especial para a m\u00fasica sertaneja? A produ\u00e7\u00e3o do DVD vai muito al\u00e9m da comemora\u00e7\u00e3o pessoal. \u201cNaiara15\u201d surge num momento em que o sertanejo vive expans\u00f5es e fus\u00f5es com outros estilos musicais, ampliando seu p\u00fablico e consolidando novas refer\u00eancias. O formato de grava\u00e7\u00e3o ao vivo, com p\u00fablico presente em S\u00e3o Paulo, oferece atmosfera \u00fanica, capturando emo\u00e7\u00f5es e espontaneidade dos artistas. Esses registros costumam ganhar relev\u00e2ncia por evidenciar n\u00e3o s\u00f3 o talento individual, mas tamb\u00e9m a energia do entrosamento entre convidados especiais. O projeto \u201cNaiara15\u201d representa um momento emblem\u00e1tico para Naiara Azevedo. Celebrar a trajet\u00f3ria de 15 anos com uma produ\u00e7\u00e3o especial, ao lado de grandes nomes da m\u00fasica, demonstra o reconhecimento conquistado pela artista ao longo dos anos. O show promete n\u00e3o apenas relembrar os principais sucessos, mas, sobretudo, fortalecer o g\u00eanero sertanejo ao reunir talentos, hist\u00f3rias e novos cap\u00edtulos para o p\u00fablico brasileiro. FONTE: STD<\/p>\n","protected":false},"author":1,"featured_media":1272,"comment_status":"open","ping_status":"open","sticky":false,"template":"","format":"standard","meta":{"footnotes":""},"categories":[1],"tags":[],"class_list":["post-1271","post","type-post","status-publish","format-standard","has-post-thumbnail","hentry","category-sem-categoria"],"_links":{"self":[{"href":"https:\/\/educadoramoc.com\/index.php?rest_route=\/wp\/v2\/posts\/1271","targetHints":{"allow":["GET"]}}],"collection":[{"href":"https:\/\/educadoramoc.com\/index.php?rest_route=\/wp\/v2\/posts"}],"about":[{"href":"https:\/\/educadoramoc.com\/index.php?rest_route=\/wp\/v2\/types\/post"}],"author":[{"embeddable":true,"href":"https:\/\/educadoramoc.com\/index.php?rest_route=\/wp\/v2\/users\/1"}],"replies":[{"embeddable":true,"href":"https:\/\/educadoramoc.com\/index.php?rest_route=%2Fwp%2Fv2%2Fcomments&post=1271"}],"version-history":[{"count":1,"href":"https:\/\/educadoramoc.com\/index.php?rest_route=\/wp\/v2\/posts\/1271\/revisions"}],"predecessor-version":[{"id":1273,"href":"https:\/\/educadoramoc.com\/index.php?rest_route=\/wp\/v2\/posts\/1271\/revisions\/1273"}],"wp:featuredmedia":[{"embeddable":true,"href":"https:\/\/educadoramoc.com\/index.php?rest_route=\/wp\/v2\/media\/1272"}],"wp:attachment":[{"href":"https:\/\/educadoramoc.com\/index.php?rest_route=%2Fwp%2Fv2%2Fmedia&parent=1271"}],"wp:term":[{"taxonomy":"category","embeddable":true,"href":"https:\/\/educadoramoc.com\/index.php?rest_route=%2Fwp%2Fv2%2Fcategories&post=1271"},{"taxonomy":"post_tag","embeddable":true,"href":"https:\/\/educadoramoc.com\/index.php?rest_route=%2Fwp%2Fv2%2Ftags&post=1271"}],"curies":[{"name":"wp","href":"https:\/\/api.w.org\/{rel}","templated":true}]}}