{"id":1112,"date":"2025-07-07T09:25:26","date_gmt":"2025-07-07T12:25:26","guid":{"rendered":"https:\/\/educadoramoc.com\/?p=1112"},"modified":"2025-07-07T09:25:27","modified_gmt":"2025-07-07T12:25:27","slug":"marrone-cantor-sertanejo-perde-parte-da-visao-por-glaucoma","status":"publish","type":"post","link":"https:\/\/educadoramoc.com\/?p=1112","title":{"rendered":"Marrone, cantor sertanejo, perde parte da vis\u00e3o por glaucoma"},"content":{"rendered":"\n<h3 class=\"wp-block-heading\">Marrone e Seus Desafios de Sa\u00fade<\/h3>\n\n\n\n<p>Marrone, famoso por sua parceria com Bruno na renomada dupla sertaneja&nbsp;<strong>Bruno e Marrone<\/strong>, foi diagnosticado com glaucoma, uma condi\u00e7\u00e3o que pode levar \u00e0 perda da vis\u00e3o se n\u00e3o for tratada a tempo. A informa\u00e7\u00e3o foi divulgada pela equipe m\u00e9dica do Hospital dos Olhos, em Goi\u00e2nia, onde o cantor se internou de emerg\u00eancia ap\u00f3s relatar dores intensas de cabe\u00e7a. Durante uma coletiva de imprensa, os oftalmologistas Francisco Eduardo Lima e Jos\u00e9 Beniz Neto discutiram a gravidade da condi\u00e7\u00e3o, destacando que, embora preocupante, o caso n\u00e3o \u00e9 totalmente desesperador.<\/p>\n\n\n\n<p>\u201cFelizmente, ele ainda nos procurou numa hora adequada. Embora tenha havido perda de campo visual, sua vis\u00e3o central permanece intacta, permitindo que ele continue a levar uma vida normal e a realizar seus shows, desde que n\u00e3o haja progress\u00e3o da doen\u00e7a\u201d, afirmou o Dr. Lima.<\/p>\n\n\n\n<h3 class=\"wp-block-heading\">O Procedimento e a Recupera\u00e7\u00e3o<\/h3>\n\n\n\n<p>Em uma a\u00e7\u00e3o r\u00e1pida, Marrone passou por uma cirurgia ocular. Ap\u00f3s um procedimento de sucesso, ele recebeu alta ap\u00f3s dois dias, com recomenda\u00e7\u00f5es de repouso absoluto por um per\u00edodo de 15 dias. A equipe m\u00e9dica mencionou que o futuro do cantor depender\u00e1 de um acompanhamento rigoroso no gerenciamento do glaucoma.<\/p>\n\n\n\n<p>Os m\u00e9dicos insistiram na import\u00e2ncia do reconhecimento precoce dos sintomas da doen\u00e7a, ressaltando que dores de cabe\u00e7a podem ser sinais de alerta. Esse alerta se aplica a todos, enfatizando a necessidade de consultas regulares e monitoramento de sa\u00fade.<\/p>\n\n\n\n<p><a href=\"https:\/\/movimentocountry.com\/marrone-cantor-perde-visao\/\">FONTE: MOVIMENTO COUNTRY <\/a><\/p>\n\n\n\n<p><\/p>\n","protected":false},"excerpt":{"rendered":"<p>Marrone e Seus Desafios de Sa\u00fade Marrone, famoso por sua parceria com Bruno na renomada dupla sertaneja&nbsp;Bruno e Marrone, foi diagnosticado com glaucoma, uma condi\u00e7\u00e3o que pode levar \u00e0 perda da vis\u00e3o se n\u00e3o for tratada a tempo. A informa\u00e7\u00e3o foi divulgada pela equipe m\u00e9dica do Hospital dos Olhos, em Goi\u00e2nia, onde o cantor se internou de emerg\u00eancia ap\u00f3s relatar dores intensas de cabe\u00e7a. Durante uma coletiva de imprensa, os oftalmologistas Francisco Eduardo Lima e Jos\u00e9 Beniz Neto discutiram a gravidade da condi\u00e7\u00e3o, destacando que, embora preocupante, o caso n\u00e3o \u00e9 totalmente desesperador. \u201cFelizmente, ele ainda nos procurou numa hora adequada. Embora tenha havido perda de campo visual, sua vis\u00e3o central permanece intacta, permitindo que ele continue a levar uma vida normal e a realizar seus shows, desde que n\u00e3o haja progress\u00e3o da doen\u00e7a\u201d, afirmou o Dr. Lima. O Procedimento e a Recupera\u00e7\u00e3o Em uma a\u00e7\u00e3o r\u00e1pida, Marrone passou por uma cirurgia ocular. Ap\u00f3s um procedimento de sucesso, ele recebeu alta ap\u00f3s dois dias, com recomenda\u00e7\u00f5es de repouso absoluto por um per\u00edodo de 15 dias. A equipe m\u00e9dica mencionou que o futuro do cantor depender\u00e1 de um acompanhamento rigoroso no gerenciamento do glaucoma. Os m\u00e9dicos insistiram na import\u00e2ncia do reconhecimento precoce dos sintomas da doen\u00e7a, ressaltando que dores de cabe\u00e7a podem ser sinais de alerta. Esse alerta se aplica a todos, enfatizando a necessidade de consultas regulares e monitoramento de sa\u00fade. FONTE: MOVIMENTO COUNTRY<\/p>\n","protected":false},"author":1,"featured_media":1113,"comment_status":"open","ping_status":"open","sticky":false,"template":"","format":"standard","meta":{"footnotes":""},"categories":[1],"tags":[],"class_list":["post-1112","post","type-post","status-publish","format-standard","has-post-thumbnail","hentry","category-sem-categoria"],"_links":{"self":[{"href":"https:\/\/educadoramoc.com\/index.php?rest_route=\/wp\/v2\/posts\/1112","targetHints":{"allow":["GET"]}}],"collection":[{"href":"https:\/\/educadoramoc.com\/index.php?rest_route=\/wp\/v2\/posts"}],"about":[{"href":"https:\/\/educadoramoc.com\/index.php?rest_route=\/wp\/v2\/types\/post"}],"author":[{"embeddable":true,"href":"https:\/\/educadoramoc.com\/index.php?rest_route=\/wp\/v2\/users\/1"}],"replies":[{"embeddable":true,"href":"https:\/\/educadoramoc.com\/index.php?rest_route=%2Fwp%2Fv2%2Fcomments&post=1112"}],"version-history":[{"count":1,"href":"https:\/\/educadoramoc.com\/index.php?rest_route=\/wp\/v2\/posts\/1112\/revisions"}],"predecessor-version":[{"id":1114,"href":"https:\/\/educadoramoc.com\/index.php?rest_route=\/wp\/v2\/posts\/1112\/revisions\/1114"}],"wp:featuredmedia":[{"embeddable":true,"href":"https:\/\/educadoramoc.com\/index.php?rest_route=\/wp\/v2\/media\/1113"}],"wp:attachment":[{"href":"https:\/\/educadoramoc.com\/index.php?rest_route=%2Fwp%2Fv2%2Fmedia&parent=1112"}],"wp:term":[{"taxonomy":"category","embeddable":true,"href":"https:\/\/educadoramoc.com\/index.php?rest_route=%2Fwp%2Fv2%2Fcategories&post=1112"},{"taxonomy":"post_tag","embeddable":true,"href":"https:\/\/educadoramoc.com\/index.php?rest_route=%2Fwp%2Fv2%2Ftags&post=1112"}],"curies":[{"name":"wp","href":"https:\/\/api.w.org\/{rel}","templated":true}]}}