{"id":1108,"date":"2025-07-01T09:32:18","date_gmt":"2025-07-01T12:32:18","guid":{"rendered":"https:\/\/educadoramoc.com\/?p=1108"},"modified":"2025-07-01T09:32:19","modified_gmt":"2025-07-01T12:32:19","slug":"video-de-entrevista-de-marilia-mendonca-deixa-disputa-pela-guarda-de-leo-ainda-mais-acirrada","status":"publish","type":"post","link":"https:\/\/educadoramoc.com\/?p=1108","title":{"rendered":"V\u00eddeo de entrevista de Mar\u00edlia Mendon\u00e7a deixa disputa pela guarda de Leo ainda mais acirrada"},"content":{"rendered":"\n<p>Durante o per\u00edodo em que esteve em casa, Mar\u00edlia Mendon\u00e7a relatou que os dias eram intensos e repletos de descobertas. A cantora descreveu uma rotina em que a presen\u00e7a da m\u00e3e era constante, auxiliando nos cuidados com o beb\u00ea e proporcionando seguran\u00e7a em momentos de incerteza.<\/p>\n\n\n\n<p>Esse conv\u00edvio pr\u00f3ximo permitiu que Mar\u00edlia vivenciasse o crescimento do filho de maneira mais tranquila, mesmo diante das dificuldades naturais do in\u00edcio da maternidade.<\/p>\n\n\n\n<p>Al\u00e9m do suporte emocional, Ruth Moreira tamb\u00e9m contribuiu com orienta\u00e7\u00f5es pr\u00e1ticas, transmitindo experi\u00eancias que ajudaram Mar\u00edlia a se sentir mais confiante. O ambiente familiar, marcado pela uni\u00e3o e colabora\u00e7\u00e3o, foi essencial para o bem-estar do beb\u00ea e para o fortalecimento dos la\u00e7os entre as gera\u00e7\u00f5es.<\/p>\n\n\n\n<h2 class=\"wp-block-heading\" id=\"quais-caracteristicas-o-filho-de-marilia-mendonca-herdou-do-pai\">Quais caracter\u00edsticas o filho de Mar\u00edlia Mendon\u00e7a herdou do pai?<\/h2>\n\n\n\n<p>Segundo relatos da pr\u00f3pria Mar\u00edlia, o filho demonstrava tra\u00e7os e comportamentos semelhantes aos do pai, Murilo Huff. A cantora mencionou que algumas caracter\u00edsticas f\u00edsicas e de personalidade eram facilmente identific\u00e1veis, refor\u00e7ando a liga\u00e7\u00e3o entre pai e filho.<\/p>\n\n\n\n<p><a href=\"https:\/\/sertanejotododia.com.br\/video-de-entrevista-de-marilia-mendonca-deixa-disputa-pela-guarda-de-leo-ainda-mais-acirrada\/\">FONTE: STD <\/a><\/p>\n","protected":false},"excerpt":{"rendered":"<p>Durante o per\u00edodo em que esteve em casa, Mar\u00edlia Mendon\u00e7a relatou que os dias eram intensos e repletos de descobertas. A cantora descreveu uma rotina em que a presen\u00e7a da m\u00e3e era constante, auxiliando nos cuidados com o beb\u00ea e proporcionando seguran\u00e7a em momentos de incerteza. Esse conv\u00edvio pr\u00f3ximo permitiu que Mar\u00edlia vivenciasse o crescimento do filho de maneira mais tranquila, mesmo diante das dificuldades naturais do in\u00edcio da maternidade. Al\u00e9m do suporte emocional, Ruth Moreira tamb\u00e9m contribuiu com orienta\u00e7\u00f5es pr\u00e1ticas, transmitindo experi\u00eancias que ajudaram Mar\u00edlia a se sentir mais confiante. O ambiente familiar, marcado pela uni\u00e3o e colabora\u00e7\u00e3o, foi essencial para o bem-estar do beb\u00ea e para o fortalecimento dos la\u00e7os entre as gera\u00e7\u00f5es. Quais caracter\u00edsticas o filho de Mar\u00edlia Mendon\u00e7a herdou do pai? Segundo relatos da pr\u00f3pria Mar\u00edlia, o filho demonstrava tra\u00e7os e comportamentos semelhantes aos do pai, Murilo Huff. A cantora mencionou que algumas caracter\u00edsticas f\u00edsicas e de personalidade eram facilmente identific\u00e1veis, refor\u00e7ando a liga\u00e7\u00e3o entre pai e filho. FONTE: STD<\/p>\n","protected":false},"author":1,"featured_media":1109,"comment_status":"open","ping_status":"open","sticky":false,"template":"","format":"standard","meta":{"footnotes":""},"categories":[1],"tags":[],"class_list":["post-1108","post","type-post","status-publish","format-standard","has-post-thumbnail","hentry","category-sem-categoria"],"_links":{"self":[{"href":"https:\/\/educadoramoc.com\/index.php?rest_route=\/wp\/v2\/posts\/1108","targetHints":{"allow":["GET"]}}],"collection":[{"href":"https:\/\/educadoramoc.com\/index.php?rest_route=\/wp\/v2\/posts"}],"about":[{"href":"https:\/\/educadoramoc.com\/index.php?rest_route=\/wp\/v2\/types\/post"}],"author":[{"embeddable":true,"href":"https:\/\/educadoramoc.com\/index.php?rest_route=\/wp\/v2\/users\/1"}],"replies":[{"embeddable":true,"href":"https:\/\/educadoramoc.com\/index.php?rest_route=%2Fwp%2Fv2%2Fcomments&post=1108"}],"version-history":[{"count":1,"href":"https:\/\/educadoramoc.com\/index.php?rest_route=\/wp\/v2\/posts\/1108\/revisions"}],"predecessor-version":[{"id":1110,"href":"https:\/\/educadoramoc.com\/index.php?rest_route=\/wp\/v2\/posts\/1108\/revisions\/1110"}],"wp:featuredmedia":[{"embeddable":true,"href":"https:\/\/educadoramoc.com\/index.php?rest_route=\/wp\/v2\/media\/1109"}],"wp:attachment":[{"href":"https:\/\/educadoramoc.com\/index.php?rest_route=%2Fwp%2Fv2%2Fmedia&parent=1108"}],"wp:term":[{"taxonomy":"category","embeddable":true,"href":"https:\/\/educadoramoc.com\/index.php?rest_route=%2Fwp%2Fv2%2Fcategories&post=1108"},{"taxonomy":"post_tag","embeddable":true,"href":"https:\/\/educadoramoc.com\/index.php?rest_route=%2Fwp%2Fv2%2Ftags&post=1108"}],"curies":[{"name":"wp","href":"https:\/\/api.w.org\/{rel}","templated":true}]}}