{"id":1105,"date":"2025-06-30T09:48:31","date_gmt":"2025-06-30T12:48:31","guid":{"rendered":"https:\/\/educadoramoc.com\/?p=1105"},"modified":"2025-06-30T09:48:33","modified_gmt":"2025-06-30T12:48:33","slug":"ze-felipe-vai-pedir-a-guarda-dos-filhos-no-processo-de-divorcio","status":"publish","type":"post","link":"https:\/\/educadoramoc.com\/?p=1105","title":{"rendered":"Z\u00e9 Felipe vai pedir a guarda dos filhos no processo de div\u00f3rcio?"},"content":{"rendered":"\n<p>O processo de separa\u00e7\u00e3o entre Z\u00e9 Felipe e Virginia Fonseca ganhou destaque em 2025, especialmente ap\u00f3s a confirma\u00e7\u00e3o do pedido de div\u00f3rcio no Tribunal de Justi\u00e7a de Goi\u00e1s. A situa\u00e7\u00e3o gerou uma s\u00e9rie de especula\u00e7\u00f5es sobre o futuro dos filhos do casal, levando a equipe do cantor a se manifestar oficialmente para esclarecer d\u00favidas e boatos.<\/p>\n\n\n\n<p>O tema da guarda dos filhos tornou-se central na discuss\u00e3o, refletindo a preocupa\u00e7\u00e3o com o bem-estar das crian\u00e7as envolvidas. De acordo com informa\u00e7\u00f5es divulgadas pela assessoria de Z\u00e9 Felipe, n\u00e3o houve solicita\u00e7\u00e3o de guarda unilateral por parte do cantor.<\/p>\n\n\n\n<p>O procedimento judicial, obrigat\u00f3rio em casos que envolvem menores de idade, prev\u00ea a guarda compartilhada, tendo como refer\u00eancia o lar materno. Essa decis\u00e3o visa garantir que ambos os pais mantenham participa\u00e7\u00e3o ativa na cria\u00e7\u00e3o dos filhos, mesmo ap\u00f3s o t\u00e9rmino do relacionamento conjugal.<\/p>\n\n\n\n<p><a href=\"https:\/\/sertanejotododia.com.br\/ze-felipe-vai-pedir-a-guarda-dos-filhos-no-processo-de-divorcio\/\">FONTE: STD<\/a><\/p>\n","protected":false},"excerpt":{"rendered":"<p>O processo de separa\u00e7\u00e3o entre Z\u00e9 Felipe e Virginia Fonseca ganhou destaque em 2025, especialmente ap\u00f3s a confirma\u00e7\u00e3o do pedido de div\u00f3rcio no Tribunal de Justi\u00e7a de Goi\u00e1s. A situa\u00e7\u00e3o gerou uma s\u00e9rie de especula\u00e7\u00f5es sobre o futuro dos filhos do casal, levando a equipe do cantor a se manifestar oficialmente para esclarecer d\u00favidas e boatos. O tema da guarda dos filhos tornou-se central na discuss\u00e3o, refletindo a preocupa\u00e7\u00e3o com o bem-estar das crian\u00e7as envolvidas. De acordo com informa\u00e7\u00f5es divulgadas pela assessoria de Z\u00e9 Felipe, n\u00e3o houve solicita\u00e7\u00e3o de guarda unilateral por parte do cantor. O procedimento judicial, obrigat\u00f3rio em casos que envolvem menores de idade, prev\u00ea a guarda compartilhada, tendo como refer\u00eancia o lar materno. Essa decis\u00e3o visa garantir que ambos os pais mantenham participa\u00e7\u00e3o ativa na cria\u00e7\u00e3o dos filhos, mesmo ap\u00f3s o t\u00e9rmino do relacionamento conjugal. FONTE: STD<\/p>\n","protected":false},"author":1,"featured_media":1106,"comment_status":"open","ping_status":"open","sticky":false,"template":"","format":"standard","meta":{"footnotes":""},"categories":[1],"tags":[],"class_list":["post-1105","post","type-post","status-publish","format-standard","has-post-thumbnail","hentry","category-sem-categoria"],"_links":{"self":[{"href":"https:\/\/educadoramoc.com\/index.php?rest_route=\/wp\/v2\/posts\/1105","targetHints":{"allow":["GET"]}}],"collection":[{"href":"https:\/\/educadoramoc.com\/index.php?rest_route=\/wp\/v2\/posts"}],"about":[{"href":"https:\/\/educadoramoc.com\/index.php?rest_route=\/wp\/v2\/types\/post"}],"author":[{"embeddable":true,"href":"https:\/\/educadoramoc.com\/index.php?rest_route=\/wp\/v2\/users\/1"}],"replies":[{"embeddable":true,"href":"https:\/\/educadoramoc.com\/index.php?rest_route=%2Fwp%2Fv2%2Fcomments&post=1105"}],"version-history":[{"count":1,"href":"https:\/\/educadoramoc.com\/index.php?rest_route=\/wp\/v2\/posts\/1105\/revisions"}],"predecessor-version":[{"id":1107,"href":"https:\/\/educadoramoc.com\/index.php?rest_route=\/wp\/v2\/posts\/1105\/revisions\/1107"}],"wp:featuredmedia":[{"embeddable":true,"href":"https:\/\/educadoramoc.com\/index.php?rest_route=\/wp\/v2\/media\/1106"}],"wp:attachment":[{"href":"https:\/\/educadoramoc.com\/index.php?rest_route=%2Fwp%2Fv2%2Fmedia&parent=1105"}],"wp:term":[{"taxonomy":"category","embeddable":true,"href":"https:\/\/educadoramoc.com\/index.php?rest_route=%2Fwp%2Fv2%2Fcategories&post=1105"},{"taxonomy":"post_tag","embeddable":true,"href":"https:\/\/educadoramoc.com\/index.php?rest_route=%2Fwp%2Fv2%2Ftags&post=1105"}],"curies":[{"name":"wp","href":"https:\/\/api.w.org\/{rel}","templated":true}]}}