{"id":1102,"date":"2025-06-27T10:10:17","date_gmt":"2025-06-27T13:10:17","guid":{"rendered":"https:\/\/educadoramoc.com\/?p=1102"},"modified":"2025-06-27T10:10:24","modified_gmt":"2025-06-27T13:10:24","slug":"falas-de-amado-batista-durante-show-ascendem-rumores-do-fim-de-seu-casamento","status":"publish","type":"post","link":"https:\/\/educadoramoc.com\/?p=1102","title":{"rendered":"Falas de Amado Batista durante show ascendem rumores do fim de seu casamento"},"content":{"rendered":"\n<p>O cantor Amado Batista, nome conhecido no cen\u00e1rio musical brasileiro, voltou a ser destaque em 2025 devido ao seu casamento com Calita Franciele, ex-Miss Mato Grosso. A uni\u00e3o chamou aten\u00e7\u00e3o n\u00e3o apenas pelo relacionamento em si, mas tamb\u00e9m pela diferen\u00e7a de idade entre o casal, sendo de 51 anos.<\/p>\n\n\n\n<p>Amado Batista, atualmente com 74 anos, oficializou o matrim\u00f4nio com Calita em mar\u00e7o deste ano, gerando grande repercuss\u00e3o entre f\u00e3s e na m\u00eddia. Recentemente, surgiram rumores sobre uma poss\u00edvel separa\u00e7\u00e3o do casal, alimentados pelo afastamento de Calita das redes sociais, especialmente do Instagram.<\/p>\n\n\n\n<p>A modelo costumava compartilhar momentos do cotidiano e declara\u00e7\u00f5es para o marido. Apesar das especula\u00e7\u00f5es, a assessoria do cantor negou qualquer crise no relacionamento, afirmando que o casamento permanece firme.<\/p>\n\n\n\n<h2 class=\"wp-block-heading\" id=\"o-que-motivou-os-rumores-sobre-o-fim-do-casamento\">O que motivou os rumores sobre o fim do casamento?<\/h2>\n\n\n\n<p>As especula\u00e7\u00f5es sobre uma poss\u00edvel separa\u00e7\u00e3o come\u00e7aram ap\u00f3s Amado Batista fazer coment\u00e1rios durante um show em Aracaju, Sergipe, no evento Arrai\u00e1 do Povo, em 25 de junho de 2025. O cantor mencionou estar \u201csozinho de novo\u201d, o que gerou repercuss\u00e3o entre f\u00e3s e ve\u00edculos de comunica\u00e7\u00e3o. Al\u00e9m disso, a aus\u00eancia de Calita Franciele no Instagram.<\/p>\n\n\n\n<p>Apesar das declara\u00e7\u00f5es p\u00fablicas, Amado Batista foi visto usando a alian\u00e7a de casamento, o que levantou questionamentos sobre a veracidade das informa\u00e7\u00f5es.<\/p>\n\n\n\n<p>A assessoria do artista negou oficialmente o t\u00e9rmino do matrim\u00f4nio, refor\u00e7ando que o casal permanece junto. Calita, por sua vez, manteve-se ativa em outras redes sociais, como o TikTok, publicando conte\u00fados regularmente.<\/p>\n\n\n\n<p><a href=\"https:\/\/sertanejotododia.com.br\/falas-de-amado-batista-durante-show-ascendem-rumores-do-fim-de-seu-casamento\/\">FONTE: STD<\/a><\/p>\n\n\n\n<p><\/p>\n","protected":false},"excerpt":{"rendered":"<p>O cantor Amado Batista, nome conhecido no cen\u00e1rio musical brasileiro, voltou a ser destaque em 2025 devido ao seu casamento com Calita Franciele, ex-Miss Mato Grosso. A uni\u00e3o chamou aten\u00e7\u00e3o n\u00e3o apenas pelo relacionamento em si, mas tamb\u00e9m pela diferen\u00e7a de idade entre o casal, sendo de 51 anos. Amado Batista, atualmente com 74 anos, oficializou o matrim\u00f4nio com Calita em mar\u00e7o deste ano, gerando grande repercuss\u00e3o entre f\u00e3s e na m\u00eddia. Recentemente, surgiram rumores sobre uma poss\u00edvel separa\u00e7\u00e3o do casal, alimentados pelo afastamento de Calita das redes sociais, especialmente do Instagram. A modelo costumava compartilhar momentos do cotidiano e declara\u00e7\u00f5es para o marido. Apesar das especula\u00e7\u00f5es, a assessoria do cantor negou qualquer crise no relacionamento, afirmando que o casamento permanece firme. O que motivou os rumores sobre o fim do casamento? As especula\u00e7\u00f5es sobre uma poss\u00edvel separa\u00e7\u00e3o come\u00e7aram ap\u00f3s Amado Batista fazer coment\u00e1rios durante um show em Aracaju, Sergipe, no evento Arrai\u00e1 do Povo, em 25 de junho de 2025. O cantor mencionou estar \u201csozinho de novo\u201d, o que gerou repercuss\u00e3o entre f\u00e3s e ve\u00edculos de comunica\u00e7\u00e3o. Al\u00e9m disso, a aus\u00eancia de Calita Franciele no Instagram. Apesar das declara\u00e7\u00f5es p\u00fablicas, Amado Batista foi visto usando a alian\u00e7a de casamento, o que levantou questionamentos sobre a veracidade das informa\u00e7\u00f5es. A assessoria do artista negou oficialmente o t\u00e9rmino do matrim\u00f4nio, refor\u00e7ando que o casal permanece junto. Calita, por sua vez, manteve-se ativa em outras redes sociais, como o TikTok, publicando conte\u00fados regularmente. FONTE: STD<\/p>\n","protected":false},"author":1,"featured_media":1103,"comment_status":"open","ping_status":"open","sticky":false,"template":"","format":"standard","meta":{"footnotes":""},"categories":[1],"tags":[],"class_list":["post-1102","post","type-post","status-publish","format-standard","has-post-thumbnail","hentry","category-sem-categoria"],"_links":{"self":[{"href":"https:\/\/educadoramoc.com\/index.php?rest_route=\/wp\/v2\/posts\/1102","targetHints":{"allow":["GET"]}}],"collection":[{"href":"https:\/\/educadoramoc.com\/index.php?rest_route=\/wp\/v2\/posts"}],"about":[{"href":"https:\/\/educadoramoc.com\/index.php?rest_route=\/wp\/v2\/types\/post"}],"author":[{"embeddable":true,"href":"https:\/\/educadoramoc.com\/index.php?rest_route=\/wp\/v2\/users\/1"}],"replies":[{"embeddable":true,"href":"https:\/\/educadoramoc.com\/index.php?rest_route=%2Fwp%2Fv2%2Fcomments&post=1102"}],"version-history":[{"count":1,"href":"https:\/\/educadoramoc.com\/index.php?rest_route=\/wp\/v2\/posts\/1102\/revisions"}],"predecessor-version":[{"id":1104,"href":"https:\/\/educadoramoc.com\/index.php?rest_route=\/wp\/v2\/posts\/1102\/revisions\/1104"}],"wp:featuredmedia":[{"embeddable":true,"href":"https:\/\/educadoramoc.com\/index.php?rest_route=\/wp\/v2\/media\/1103"}],"wp:attachment":[{"href":"https:\/\/educadoramoc.com\/index.php?rest_route=%2Fwp%2Fv2%2Fmedia&parent=1102"}],"wp:term":[{"taxonomy":"category","embeddable":true,"href":"https:\/\/educadoramoc.com\/index.php?rest_route=%2Fwp%2Fv2%2Fcategories&post=1102"},{"taxonomy":"post_tag","embeddable":true,"href":"https:\/\/educadoramoc.com\/index.php?rest_route=%2Fwp%2Fv2%2Ftags&post=1102"}],"curies":[{"name":"wp","href":"https:\/\/api.w.org\/{rel}","templated":true}]}}