{"id":1099,"date":"2025-06-25T09:38:17","date_gmt":"2025-06-25T12:38:17","guid":{"rendered":"https:\/\/educadoramoc.com\/?p=1099"},"modified":"2025-06-25T09:38:18","modified_gmt":"2025-06-25T12:38:18","slug":"10-anos-sem-cristiano-araujo-irmao-se-emociona-ao-falar-do-cantor","status":"publish","type":"post","link":"https:\/\/educadoramoc.com\/?p=1099","title":{"rendered":"10 anos sem Cristiano Ara\u00fajo: irm\u00e3o se emociona ao falar do cantor"},"content":{"rendered":"\n<p>Em junho de 2025, completam-se dez anos desde a morte do cantor Cristiano Ara\u00fajo, um dos nomes mais marcantes da m\u00fasica sertaneja brasileira. O artista, que faleceu em um acidente de carro em 2015, deixou um legado que segue vivo na mem\u00f3ria dos f\u00e3s e familiares.<\/p>\n\n\n\n<p><br>Em junho de 2025, completam-se dez anos desde a morte do cantor Cristiano Ara\u00fajo, um dos nomes mais marcantes da m\u00fasica sertaneja brasileira. O artista, que faleceu em um acidente de carro em 2015, deixou um legado que segue vivo na mem\u00f3ria dos f\u00e3s e familiares.<\/p>\n\n\n\n<p><\/p>\n\n\n\n<p>Recentemente, seu irm\u00e3o, Felipe Ara\u00fajo, emocionou o p\u00fablico ao prestar uma homenagem durante um show, relembrando a trajet\u00f3ria e a influ\u00eancia de Cristiano no cen\u00e1rio musical. Durante a apresenta\u00e7\u00e3o, Felipe dedicou um momento especial para cantar \u201cC\u00ea Que Sabe\u201d, um dos maiores sucessos do i<\/p>\n\n\n\n<p>A emo\u00e7\u00e3o tomou conta do palco e da plateia, evidenciando a for\u00e7a da conex\u00e3o entre os dois artistas e o impacto duradouro das m\u00fasicas de Cristiano. O gesto refor\u00e7ou a import\u00e2ncia da fam\u00edlia Ara\u00fajo para o sertanejo e a maneira como o p\u00fablico ainda se identifica com as can\u00e7\u00f5es do cantor.<\/p>\n\n\n\n<p><a href=\"https:\/\/sertanejotododia.com.br\/10-anos-sem-cristiano-araujo-irmao-se-emociona-ao-falar-do-cantor\/\">FONTE: STD <\/a><\/p>\n\n\n\n<p><\/p>\n","protected":false},"excerpt":{"rendered":"<p>Em junho de 2025, completam-se dez anos desde a morte do cantor Cristiano Ara\u00fajo, um dos nomes mais marcantes da m\u00fasica sertaneja brasileira. O artista, que faleceu em um acidente de carro em 2015, deixou um legado que segue vivo na mem\u00f3ria dos f\u00e3s e familiares. Em junho de 2025, completam-se dez anos desde a morte do cantor Cristiano Ara\u00fajo, um dos nomes mais marcantes da m\u00fasica sertaneja brasileira. O artista, que faleceu em um acidente de carro em 2015, deixou um legado que segue vivo na mem\u00f3ria dos f\u00e3s e familiares. Recentemente, seu irm\u00e3o, Felipe Ara\u00fajo, emocionou o p\u00fablico ao prestar uma homenagem durante um show, relembrando a trajet\u00f3ria e a influ\u00eancia de Cristiano no cen\u00e1rio musical. Durante a apresenta\u00e7\u00e3o, Felipe dedicou um momento especial para cantar \u201cC\u00ea Que Sabe\u201d, um dos maiores sucessos do i A emo\u00e7\u00e3o tomou conta do palco e da plateia, evidenciando a for\u00e7a da conex\u00e3o entre os dois artistas e o impacto duradouro das m\u00fasicas de Cristiano. O gesto refor\u00e7ou a import\u00e2ncia da fam\u00edlia Ara\u00fajo para o sertanejo e a maneira como o p\u00fablico ainda se identifica com as can\u00e7\u00f5es do cantor. FONTE: STD<\/p>\n","protected":false},"author":1,"featured_media":1100,"comment_status":"open","ping_status":"open","sticky":false,"template":"","format":"standard","meta":{"footnotes":""},"categories":[1],"tags":[],"class_list":["post-1099","post","type-post","status-publish","format-standard","has-post-thumbnail","hentry","category-sem-categoria"],"_links":{"self":[{"href":"https:\/\/educadoramoc.com\/index.php?rest_route=\/wp\/v2\/posts\/1099","targetHints":{"allow":["GET"]}}],"collection":[{"href":"https:\/\/educadoramoc.com\/index.php?rest_route=\/wp\/v2\/posts"}],"about":[{"href":"https:\/\/educadoramoc.com\/index.php?rest_route=\/wp\/v2\/types\/post"}],"author":[{"embeddable":true,"href":"https:\/\/educadoramoc.com\/index.php?rest_route=\/wp\/v2\/users\/1"}],"replies":[{"embeddable":true,"href":"https:\/\/educadoramoc.com\/index.php?rest_route=%2Fwp%2Fv2%2Fcomments&post=1099"}],"version-history":[{"count":1,"href":"https:\/\/educadoramoc.com\/index.php?rest_route=\/wp\/v2\/posts\/1099\/revisions"}],"predecessor-version":[{"id":1101,"href":"https:\/\/educadoramoc.com\/index.php?rest_route=\/wp\/v2\/posts\/1099\/revisions\/1101"}],"wp:featuredmedia":[{"embeddable":true,"href":"https:\/\/educadoramoc.com\/index.php?rest_route=\/wp\/v2\/media\/1100"}],"wp:attachment":[{"href":"https:\/\/educadoramoc.com\/index.php?rest_route=%2Fwp%2Fv2%2Fmedia&parent=1099"}],"wp:term":[{"taxonomy":"category","embeddable":true,"href":"https:\/\/educadoramoc.com\/index.php?rest_route=%2Fwp%2Fv2%2Fcategories&post=1099"},{"taxonomy":"post_tag","embeddable":true,"href":"https:\/\/educadoramoc.com\/index.php?rest_route=%2Fwp%2Fv2%2Ftags&post=1099"}],"curies":[{"name":"wp","href":"https:\/\/api.w.org\/{rel}","templated":true}]}}