{"id":1074,"date":"2025-06-02T09:36:45","date_gmt":"2025-06-02T12:36:45","guid":{"rendered":"https:\/\/educadoramoc.com\/?p=1074"},"modified":"2025-06-02T09:36:46","modified_gmt":"2025-06-02T12:36:46","slug":"por-que-a-globo-nao-fez-homenagem-a-marilia-mendonca-no-som-brasil","status":"publish","type":"post","link":"https:\/\/educadoramoc.com\/?p=1074","title":{"rendered":"Por que a Globo n\u00e3o fez homenagem a Mar\u00edlia Mendon\u00e7a no \u201cSom Brasil\u201d?"},"content":{"rendered":"\n<p>A TV Globo, conhecida por suas homenagens a grandes artistas, enfrentou obst\u00e1culos ao tentar produzir especiais sobre Mar\u00edlia Mendon\u00e7a. A expectativa era alta, mas a emissora n\u00e3o conseguiu avan\u00e7ar com os projetos planejados. A raz\u00e3o por tr\u00e1s disso n\u00e3o est\u00e1 relacionada \u00e0 fam\u00edlia da cantora, mas sim a um contrato de exclusividade firmado com a Amazon.<\/p>\n\n\n\n<p>Esse acordo exclusivo entre a Amazon e o esp\u00f3lio de Mar\u00edlia Mendon\u00e7a garante que qualquer produ\u00e7\u00e3o audiovisual sobre a artista seja realizada e distribu\u00edda exclusivamente pela plataforma Prime Video. Isso inclui a cria\u00e7\u00e3o de s\u00e9ries, document\u00e1rios e filmes, assegurando que a narrativa sobre a vida e carreira da cantora seja gerida pela Amazon.<\/p>\n\n\n\n<p>A exclusividade da Amazon resulta de um acordo estrat\u00e9gico que visa assegurar a qualidade e a integridade das produ\u00e7\u00f5es sobre Mar\u00edlia Mendon\u00e7a. Com os direitos exclusivos, a Amazon pode desenvolver conte\u00fados que respeitem e celebrem a trajet\u00f3ria da artista, mantendo um padr\u00e3o elevado de produ\u00e7\u00e3o.<\/p>\n\n\n\n<p>Contratos desse tipo s\u00e3o comuns no setor de entretenimento, onde empresas buscam proteger seus investimentos e garantir que o conte\u00fado seja apresentado de forma coerente e controlada. No caso de Mar\u00edlia Mendon\u00e7a, a Amazon pretende oferecer materiais que honrem o legado da cantora, atraindo f\u00e3s para sua plataforma.<\/p>\n\n\n\n<p><a href=\"https:\/\/sertanejotododia.com.br\/por-que-a-globo-nao-fez-homenagem-a-marilia-mendonca-no-som-brasil\/\">FONTE: STD<\/a><\/p>\n\n\n\n<p><\/p>\n","protected":false},"excerpt":{"rendered":"<p>A TV Globo, conhecida por suas homenagens a grandes artistas, enfrentou obst\u00e1culos ao tentar produzir especiais sobre Mar\u00edlia Mendon\u00e7a. A expectativa era alta, mas a emissora n\u00e3o conseguiu avan\u00e7ar com os projetos planejados. A raz\u00e3o por tr\u00e1s disso n\u00e3o est\u00e1 relacionada \u00e0 fam\u00edlia da cantora, mas sim a um contrato de exclusividade firmado com a Amazon. Esse acordo exclusivo entre a Amazon e o esp\u00f3lio de Mar\u00edlia Mendon\u00e7a garante que qualquer produ\u00e7\u00e3o audiovisual sobre a artista seja realizada e distribu\u00edda exclusivamente pela plataforma Prime Video. Isso inclui a cria\u00e7\u00e3o de s\u00e9ries, document\u00e1rios e filmes, assegurando que a narrativa sobre a vida e carreira da cantora seja gerida pela Amazon. A exclusividade da Amazon resulta de um acordo estrat\u00e9gico que visa assegurar a qualidade e a integridade das produ\u00e7\u00f5es sobre Mar\u00edlia Mendon\u00e7a. Com os direitos exclusivos, a Amazon pode desenvolver conte\u00fados que respeitem e celebrem a trajet\u00f3ria da artista, mantendo um padr\u00e3o elevado de produ\u00e7\u00e3o. Contratos desse tipo s\u00e3o comuns no setor de entretenimento, onde empresas buscam proteger seus investimentos e garantir que o conte\u00fado seja apresentado de forma coerente e controlada. No caso de Mar\u00edlia Mendon\u00e7a, a Amazon pretende oferecer materiais que honrem o legado da cantora, atraindo f\u00e3s para sua plataforma. FONTE: STD<\/p>\n","protected":false},"author":1,"featured_media":1075,"comment_status":"open","ping_status":"open","sticky":false,"template":"","format":"standard","meta":{"footnotes":""},"categories":[1],"tags":[],"class_list":["post-1074","post","type-post","status-publish","format-standard","has-post-thumbnail","hentry","category-sem-categoria"],"_links":{"self":[{"href":"https:\/\/educadoramoc.com\/index.php?rest_route=\/wp\/v2\/posts\/1074","targetHints":{"allow":["GET"]}}],"collection":[{"href":"https:\/\/educadoramoc.com\/index.php?rest_route=\/wp\/v2\/posts"}],"about":[{"href":"https:\/\/educadoramoc.com\/index.php?rest_route=\/wp\/v2\/types\/post"}],"author":[{"embeddable":true,"href":"https:\/\/educadoramoc.com\/index.php?rest_route=\/wp\/v2\/users\/1"}],"replies":[{"embeddable":true,"href":"https:\/\/educadoramoc.com\/index.php?rest_route=%2Fwp%2Fv2%2Fcomments&post=1074"}],"version-history":[{"count":1,"href":"https:\/\/educadoramoc.com\/index.php?rest_route=\/wp\/v2\/posts\/1074\/revisions"}],"predecessor-version":[{"id":1076,"href":"https:\/\/educadoramoc.com\/index.php?rest_route=\/wp\/v2\/posts\/1074\/revisions\/1076"}],"wp:featuredmedia":[{"embeddable":true,"href":"https:\/\/educadoramoc.com\/index.php?rest_route=\/wp\/v2\/media\/1075"}],"wp:attachment":[{"href":"https:\/\/educadoramoc.com\/index.php?rest_route=%2Fwp%2Fv2%2Fmedia&parent=1074"}],"wp:term":[{"taxonomy":"category","embeddable":true,"href":"https:\/\/educadoramoc.com\/index.php?rest_route=%2Fwp%2Fv2%2Fcategories&post=1074"},{"taxonomy":"post_tag","embeddable":true,"href":"https:\/\/educadoramoc.com\/index.php?rest_route=%2Fwp%2Fv2%2Ftags&post=1074"}],"curies":[{"name":"wp","href":"https:\/\/api.w.org\/{rel}","templated":true}]}}