{"id":1059,"date":"2025-05-27T09:45:44","date_gmt":"2025-05-27T12:45:44","guid":{"rendered":"https:\/\/educadoramoc.com\/?p=1059"},"modified":"2025-05-27T09:47:31","modified_gmt":"2025-05-27T12:47:31","slug":"estreia-da-turne-de-20-anos-de-carreira-cesar-menotti-e-fabiano-exaltam-sua-trajetoria","status":"publish","type":"post","link":"https:\/\/educadoramoc.com\/?p=1059","title":{"rendered":"Estreia da Turn\u00ea de 20 anos de carreira: C\u00e9sar Menotti e Fabiano exaltam sua trajet\u00f3ria"},"content":{"rendered":"\n<p>A dupla sertaneja C\u00e9sar Menotti e Fabiano comemora duas d\u00e9cadas de carreira com uma turn\u00ea especial que celebra seus maiores sucessos. O show de estreia ocorreu no Espa\u00e7o Unimed, trazendo um repert\u00f3rio repleto de hits que marcaram a trajet\u00f3ria dos irm\u00e3os. Entre as can\u00e7\u00f5es mais aguardadas est\u00e3o \u201cLeil\u00e3o\u201d, \u201cCiumenta\u201d, \u201cComo um Anjo\u201d e \u201c\u00c9 Tarde Demais\u201d.<\/p>\n\n\n\n<p>Com uma carreira consolidada, a dupla enfrenta o desafio de selecionar m\u00fasicas para agradar a um p\u00fablico fiel e exigente. Segundo C\u00e9sar Menotti, a escolha do repert\u00f3rio n\u00e3o \u00e9 uma tarefa f\u00e1cil, pois cada m\u00fasica tem um significado especial para os f\u00e3s. A turn\u00ea \u201cXX anos \u2013 Intensidade\u201d promete n\u00e3o apenas revisitar grandes sucessos, mas tamb\u00e9m proporcionar momentos emocionantes e inesquec\u00edveis.<\/p>\n\n\n\n<p>Manter a qualidade vocal ao longo de tantos anos de carreira \u00e9 um desafio que C\u00e9sar Menotti e Fabiano enfrentam com disciplina e dedica\u00e7\u00e3o. A dupla adota cuidados essenciais, como a hidrata\u00e7\u00e3o constante e uma alimenta\u00e7\u00e3o balanceada, al\u00e9m de proteger a voz ap\u00f3s os shows. Esses cuidados s\u00e3o fundamentais para garantir que a qualidade vocal permane\u00e7a impec\u00e1vel, mesmo ap\u00f3s d\u00e9cadas de apresenta\u00e7\u00f5es.<\/p>\n\n\n\n<p>Fabiano destaca que o amor pela m\u00fasica \u00e9 um dos principais motivadores para cuidar da voz. A paix\u00e3o pelo que fazem ajuda a dupla a superar os desafios e a manter o alto padr\u00e3o de suas performances. Al\u00e9m disso, a experi\u00eancia adquirida ao longo dos anos permite que eles se preparem adequadamente para cada apresenta\u00e7\u00e3o, garantindo sempre o melhor para o p\u00fablico.<\/p>\n\n\n\n<p><a href=\"https:\/\/sertanejotododia.com.br\/estreia-da-turne-de-20-anos-de-carreira-cesar-menotti-e-fabiano-exaltam-sua-trajetoria\/\">FONTE: STD <\/a><\/p>\n\n\n\n<p><\/p>\n","protected":false},"excerpt":{"rendered":"<p>A dupla sertaneja C\u00e9sar Menotti e Fabiano comemora duas d\u00e9cadas de carreira com uma turn\u00ea especial que celebra seus maiores sucessos. O show de estreia ocorreu no Espa\u00e7o Unimed, trazendo um repert\u00f3rio repleto de hits que marcaram a trajet\u00f3ria dos irm\u00e3os. Entre as can\u00e7\u00f5es mais aguardadas est\u00e3o \u201cLeil\u00e3o\u201d, \u201cCiumenta\u201d, \u201cComo um Anjo\u201d e \u201c\u00c9 Tarde Demais\u201d. Com uma carreira consolidada, a dupla enfrenta o desafio de selecionar m\u00fasicas para agradar a um p\u00fablico fiel e exigente. Segundo C\u00e9sar Menotti, a escolha do repert\u00f3rio n\u00e3o \u00e9 uma tarefa f\u00e1cil, pois cada m\u00fasica tem um significado especial para os f\u00e3s. A turn\u00ea \u201cXX anos \u2013 Intensidade\u201d promete n\u00e3o apenas revisitar grandes sucessos, mas tamb\u00e9m proporcionar momentos emocionantes e inesquec\u00edveis. Manter a qualidade vocal ao longo de tantos anos de carreira \u00e9 um desafio que C\u00e9sar Menotti e Fabiano enfrentam com disciplina e dedica\u00e7\u00e3o. A dupla adota cuidados essenciais, como a hidrata\u00e7\u00e3o constante e uma alimenta\u00e7\u00e3o balanceada, al\u00e9m de proteger a voz ap\u00f3s os shows. Esses cuidados s\u00e3o fundamentais para garantir que a qualidade vocal permane\u00e7a impec\u00e1vel, mesmo ap\u00f3s d\u00e9cadas de apresenta\u00e7\u00f5es. Fabiano destaca que o amor pela m\u00fasica \u00e9 um dos principais motivadores para cuidar da voz. A paix\u00e3o pelo que fazem ajuda a dupla a superar os desafios e a manter o alto padr\u00e3o de suas performances. Al\u00e9m disso, a experi\u00eancia adquirida ao longo dos anos permite que eles se preparem adequadamente para cada apresenta\u00e7\u00e3o, garantindo sempre o melhor para o p\u00fablico. FONTE: STD<\/p>\n","protected":false},"author":1,"featured_media":1063,"comment_status":"open","ping_status":"open","sticky":false,"template":"","format":"standard","meta":{"footnotes":""},"categories":[1],"tags":[],"class_list":["post-1059","post","type-post","status-publish","format-standard","has-post-thumbnail","hentry","category-sem-categoria"],"_links":{"self":[{"href":"https:\/\/educadoramoc.com\/index.php?rest_route=\/wp\/v2\/posts\/1059","targetHints":{"allow":["GET"]}}],"collection":[{"href":"https:\/\/educadoramoc.com\/index.php?rest_route=\/wp\/v2\/posts"}],"about":[{"href":"https:\/\/educadoramoc.com\/index.php?rest_route=\/wp\/v2\/types\/post"}],"author":[{"embeddable":true,"href":"https:\/\/educadoramoc.com\/index.php?rest_route=\/wp\/v2\/users\/1"}],"replies":[{"embeddable":true,"href":"https:\/\/educadoramoc.com\/index.php?rest_route=%2Fwp%2Fv2%2Fcomments&post=1059"}],"version-history":[{"count":1,"href":"https:\/\/educadoramoc.com\/index.php?rest_route=\/wp\/v2\/posts\/1059\/revisions"}],"predecessor-version":[{"id":1062,"href":"https:\/\/educadoramoc.com\/index.php?rest_route=\/wp\/v2\/posts\/1059\/revisions\/1062"}],"wp:featuredmedia":[{"embeddable":true,"href":"https:\/\/educadoramoc.com\/index.php?rest_route=\/wp\/v2\/media\/1063"}],"wp:attachment":[{"href":"https:\/\/educadoramoc.com\/index.php?rest_route=%2Fwp%2Fv2%2Fmedia&parent=1059"}],"wp:term":[{"taxonomy":"category","embeddable":true,"href":"https:\/\/educadoramoc.com\/index.php?rest_route=%2Fwp%2Fv2%2Fcategories&post=1059"},{"taxonomy":"post_tag","embeddable":true,"href":"https:\/\/educadoramoc.com\/index.php?rest_route=%2Fwp%2Fv2%2Ftags&post=1059"}],"curies":[{"name":"wp","href":"https:\/\/api.w.org\/{rel}","templated":true}]}}