{"id":1052,"date":"2025-05-23T09:07:08","date_gmt":"2025-05-23T12:07:08","guid":{"rendered":"https:\/\/educadoramoc.com\/?p=1052"},"modified":"2025-05-23T09:07:09","modified_gmt":"2025-05-23T12:07:09","slug":"zeze-di-camargo-pode-ter-que-se-afastar-definitivamente-dos-palcos-por-problemas-com-as-cordas-vocais","status":"publish","type":"post","link":"https:\/\/educadoramoc.com\/?p=1052","title":{"rendered":"Zez\u00e9 Di Camargo pode ter que se afastar Definitivamente dos Palcos Por Problemas Com as Cordas Vocais?"},"content":{"rendered":"\n<p>Zez\u00e9 Di Camargo, renomado cantor da m\u00fasica sertaneja, enfrenta um momento cr\u00edtico em sua carreira devido a s\u00e9rios problemas vocais. Sua condi\u00e7\u00e3o de sa\u00fade tem gerado preocupa\u00e7\u00e3o entre f\u00e3s e especialistas, levantando a possibilidade de um afastamento definitivo dos palcos. As complica\u00e7\u00f5es vocais, que se intensificaram nos \u00faltimos anos, agora apresentam riscos que podem ser irrevers\u00edveis.<\/p>\n\n\n\n<p>A s\u00e9rie documental \u201c\u00c9 o Amor \u2013 Fam\u00edlia Camargo\u201d trouxe \u00e0 tona detalhes sobre a sa\u00fade de Zez\u00e9, revelando que ele chegou a perder a voz completamente durante uma apresenta\u00e7\u00e3o. Especialistas identificaram cistos em suas cordas vocais, causando rouquid\u00e3o severa e at\u00e9 dificuldades respirat\u00f3rias. Segundo fonoaudi\u00f3logos, essa condi\u00e7\u00e3o \u00e9 grave e potencialmente irrevers\u00edvel, exigindo cuidados imediatos.<\/p>\n\n\n\n<p>Os m\u00e9dicos aconselharam Zez\u00e9 a fazer uma pausa em sua carreira para preservar sua sa\u00fade vocal. No entanto, o cantor tem demonstrado resist\u00eancia a essa ideia, defendendo sua continuidade nos palcos. Ele argumenta que a aposentadoria n\u00e3o est\u00e1 em seus planos, o que gera preocupa\u00e7\u00f5es, uma vez que sua sa\u00fade vocal est\u00e1 comprometida.<\/p>\n\n\n\n<p>Essa resist\u00eancia de Zez\u00e9 em aceitar as recomenda\u00e7\u00f5es m\u00e9dicas \u00e9 um ponto de tens\u00e3o. Enquanto os especialistas alertam para os riscos de continuar se apresentando, o cantor mant\u00e9m sua postura firme em rela\u00e7\u00e3o \u00e0 carreira. Essa situa\u00e7\u00e3o complexa levanta quest\u00f5es sobre as prioridades e o futuro de Zez\u00e9 Di Camargo na m\u00fasica sertaneja.<\/p>\n\n\n\n<p><a href=\"https:\/\/sertanejotododia.com.br\/zeze-di-camargo-pode-ter-que-se-afastar-definitivamente-dos-palcos-por-problemas-com-as-cordas-vocais\/\">FONTE: STD<\/a><\/p>\n","protected":false},"excerpt":{"rendered":"<p>Zez\u00e9 Di Camargo, renomado cantor da m\u00fasica sertaneja, enfrenta um momento cr\u00edtico em sua carreira devido a s\u00e9rios problemas vocais. Sua condi\u00e7\u00e3o de sa\u00fade tem gerado preocupa\u00e7\u00e3o entre f\u00e3s e especialistas, levantando a possibilidade de um afastamento definitivo dos palcos. As complica\u00e7\u00f5es vocais, que se intensificaram nos \u00faltimos anos, agora apresentam riscos que podem ser irrevers\u00edveis. A s\u00e9rie documental \u201c\u00c9 o Amor \u2013 Fam\u00edlia Camargo\u201d trouxe \u00e0 tona detalhes sobre a sa\u00fade de Zez\u00e9, revelando que ele chegou a perder a voz completamente durante uma apresenta\u00e7\u00e3o. Especialistas identificaram cistos em suas cordas vocais, causando rouquid\u00e3o severa e at\u00e9 dificuldades respirat\u00f3rias. Segundo fonoaudi\u00f3logos, essa condi\u00e7\u00e3o \u00e9 grave e potencialmente irrevers\u00edvel, exigindo cuidados imediatos. Os m\u00e9dicos aconselharam Zez\u00e9 a fazer uma pausa em sua carreira para preservar sua sa\u00fade vocal. No entanto, o cantor tem demonstrado resist\u00eancia a essa ideia, defendendo sua continuidade nos palcos. Ele argumenta que a aposentadoria n\u00e3o est\u00e1 em seus planos, o que gera preocupa\u00e7\u00f5es, uma vez que sua sa\u00fade vocal est\u00e1 comprometida. Essa resist\u00eancia de Zez\u00e9 em aceitar as recomenda\u00e7\u00f5es m\u00e9dicas \u00e9 um ponto de tens\u00e3o. Enquanto os especialistas alertam para os riscos de continuar se apresentando, o cantor mant\u00e9m sua postura firme em rela\u00e7\u00e3o \u00e0 carreira. Essa situa\u00e7\u00e3o complexa levanta quest\u00f5es sobre as prioridades e o futuro de Zez\u00e9 Di Camargo na m\u00fasica sertaneja. FONTE: STD<\/p>\n","protected":false},"author":1,"featured_media":1053,"comment_status":"open","ping_status":"open","sticky":false,"template":"","format":"standard","meta":{"footnotes":""},"categories":[1],"tags":[],"class_list":["post-1052","post","type-post","status-publish","format-standard","has-post-thumbnail","hentry","category-sem-categoria"],"_links":{"self":[{"href":"https:\/\/educadoramoc.com\/index.php?rest_route=\/wp\/v2\/posts\/1052","targetHints":{"allow":["GET"]}}],"collection":[{"href":"https:\/\/educadoramoc.com\/index.php?rest_route=\/wp\/v2\/posts"}],"about":[{"href":"https:\/\/educadoramoc.com\/index.php?rest_route=\/wp\/v2\/types\/post"}],"author":[{"embeddable":true,"href":"https:\/\/educadoramoc.com\/index.php?rest_route=\/wp\/v2\/users\/1"}],"replies":[{"embeddable":true,"href":"https:\/\/educadoramoc.com\/index.php?rest_route=%2Fwp%2Fv2%2Fcomments&post=1052"}],"version-history":[{"count":1,"href":"https:\/\/educadoramoc.com\/index.php?rest_route=\/wp\/v2\/posts\/1052\/revisions"}],"predecessor-version":[{"id":1054,"href":"https:\/\/educadoramoc.com\/index.php?rest_route=\/wp\/v2\/posts\/1052\/revisions\/1054"}],"wp:featuredmedia":[{"embeddable":true,"href":"https:\/\/educadoramoc.com\/index.php?rest_route=\/wp\/v2\/media\/1053"}],"wp:attachment":[{"href":"https:\/\/educadoramoc.com\/index.php?rest_route=%2Fwp%2Fv2%2Fmedia&parent=1052"}],"wp:term":[{"taxonomy":"category","embeddable":true,"href":"https:\/\/educadoramoc.com\/index.php?rest_route=%2Fwp%2Fv2%2Fcategories&post=1052"},{"taxonomy":"post_tag","embeddable":true,"href":"https:\/\/educadoramoc.com\/index.php?rest_route=%2Fwp%2Fv2%2Ftags&post=1052"}],"curies":[{"name":"wp","href":"https:\/\/api.w.org\/{rel}","templated":true}]}}