{"id":1049,"date":"2025-05-22T09:22:04","date_gmt":"2025-05-22T12:22:04","guid":{"rendered":"https:\/\/educadoramoc.com\/?p=1049"},"modified":"2025-05-22T09:22:05","modified_gmt":"2025-05-22T12:22:05","slug":"ana-castela-e-alok-lancam-o-aguardado-single-deixa-nois-viver","status":"publish","type":"post","link":"https:\/\/educadoramoc.com\/?p=1049","title":{"rendered":"Ana Castela e Alok lan\u00e7am o aguardado single \u201cDeixa Nois Viver\u201d"},"content":{"rendered":"\n<p>Depois de uma grava\u00e7\u00e3o \u00e9pica diretamente do palco do&nbsp;<strong>Ribeir\u00e3o Rodeo Music<\/strong>,&nbsp;<strong>Ana Castela&nbsp;<\/strong>e<strong>&nbsp;Alok<\/strong>&nbsp;lan\u00e7am oficialmente sua nova colabora\u00e7\u00e3o:&nbsp;<strong>\u201cDeixa Nois Viver\u201d<\/strong>. A m\u00fasica estreou nesta quinta-feira, 8 de maio, em todas as plataformas de \u00e1udio e no canal oficial da cantora no YouTube.<\/p>\n\n\n\n<p>Com batidas eletr\u00f4nicas pulsantes, elementos do country e refr\u00e3o contagiante, a colabora\u00e7\u00e3o celebra a liberdade de curtir a vida ao m\u00e1ximo, sem pressa para voltar para casa. A performance une o poder das pistas de dan\u00e7a com a identidade inconfund\u00edvel da Boiadeira.<\/p>\n\n\n\n<p><em>\u201cFoi uma experi\u00eancia inesquec\u00edvel! Cantar com o Alok, ver aquela multid\u00e3o, os drones no c\u00e9u\u2026 tudo foi m\u00e1gico. Essa m\u00fasica \u00e9 sobre viver o momento, curtir a vida do nosso jeito. Espero que a galera sinta essa energia e se jogue com a gente!\u201d<\/em>, conta&nbsp;<strong>Ana Castela<\/strong>.<\/p>\n\n\n\n<p>Gravado durante o show de&nbsp;<strong>Alok<\/strong>&nbsp;no Ribeir\u00e3o Rodeo Music, o videoclipe da faixa surpreendeu o p\u00fablico com um verdadeiro espet\u00e1culo visual: mais de 200 drones iluminaram o c\u00e9u, formando figuras como um cavalo e os nomes dos artistas.<\/p>\n\n\n\n<p>Al\u00e9m da performance ao vivo,&nbsp;<strong>Ana<\/strong>&nbsp;tamb\u00e9m gravou cenas adicionais do videoclipe em Londrina, sua cidade natal, em um cen\u00e1rio especial que promete surpreender o p\u00fablico.<\/p>\n\n\n\n<p>\u201c<em>Este \u00e9 o nosso segundo trabalho juntos. No ano passado, lan\u00e7amos \u201cLua\u201d e participei da grava\u00e7\u00e3o do DVD dela. Agora voltamos a parceria, desta vez com a Ana no show que fiz em Ribeir\u00e3o Preto, em S\u00e3o Paulo. \u201cDeixa Nois Viver\u201d \u00e9 a nossa nova m\u00fasica que j\u00e1 recebeu uma acolhida calorosa do p\u00fablico. Estou animado!<\/em>\u201d, compartilha&nbsp;<strong>Alok<\/strong>.<\/p>\n\n\n\n<p>A a\u00e7\u00e3o para a grava\u00e7\u00e3o e o lan\u00e7amento da faixa foi grandiosa. Nos dias que antecederam o show de&nbsp;<strong>Alok<\/strong>, as influenciadoras Camila Trianda e Luisa Alvarenga receberam em suas casas uma carta com a frase \u201c<strong>Deixa Nois Vive<\/strong>r\u201d e, aos poucos, o p\u00fablico foi juntando pistas.<\/p>\n\n\n\n<p>No dia da filmagem, Mari Menezes foi a escolhida para desvendar o mist\u00e9rio, acompanhando um pouco mais dos bastidores e mostrando tudo em suas redes sociais, onde acabou \u201cvazando\u201d a capa do single para seus seguidores.<\/p>\n\n\n\n<p>Na semana da grava\u00e7\u00e3o, a capa tamb\u00e9m foi sendo revelada aos poucos ao longo dos dias no painel de LED do ped\u00e1gio da Ponte Rio Niter\u00f3i.<\/p>\n\n\n\n<p>Assim que os artistas subiram ao palco, a capa do single foi revelada por inteiro simultaneamente junto de um QRcode que redirecionava para o pr\u00e9-save da faixa nas plataformas.<\/p>\n\n\n\n<p><a href=\"https:\/\/festanejo.com.br\/lancamento\/ana-castela-e-alok-lancam-o-aguardado-single-deixa-nois-viver\/\">FONTE: FESTANEJO<\/a><\/p>\n\n\n\n<p><\/p>\n","protected":false},"excerpt":{"rendered":"<p>Depois de uma grava\u00e7\u00e3o \u00e9pica diretamente do palco do&nbsp;Ribeir\u00e3o Rodeo Music,&nbsp;Ana Castela&nbsp;e&nbsp;Alok&nbsp;lan\u00e7am oficialmente sua nova colabora\u00e7\u00e3o:&nbsp;\u201cDeixa Nois Viver\u201d. A m\u00fasica estreou nesta quinta-feira, 8 de maio, em todas as plataformas de \u00e1udio e no canal oficial da cantora no YouTube. Com batidas eletr\u00f4nicas pulsantes, elementos do country e refr\u00e3o contagiante, a colabora\u00e7\u00e3o celebra a liberdade de curtir a vida ao m\u00e1ximo, sem pressa para voltar para casa. A performance une o poder das pistas de dan\u00e7a com a identidade inconfund\u00edvel da Boiadeira. \u201cFoi uma experi\u00eancia inesquec\u00edvel! Cantar com o Alok, ver aquela multid\u00e3o, os drones no c\u00e9u\u2026 tudo foi m\u00e1gico. Essa m\u00fasica \u00e9 sobre viver o momento, curtir a vida do nosso jeito. Espero que a galera sinta essa energia e se jogue com a gente!\u201d, conta&nbsp;Ana Castela. Gravado durante o show de&nbsp;Alok&nbsp;no Ribeir\u00e3o Rodeo Music, o videoclipe da faixa surpreendeu o p\u00fablico com um verdadeiro espet\u00e1culo visual: mais de 200 drones iluminaram o c\u00e9u, formando figuras como um cavalo e os nomes dos artistas. Al\u00e9m da performance ao vivo,&nbsp;Ana&nbsp;tamb\u00e9m gravou cenas adicionais do videoclipe em Londrina, sua cidade natal, em um cen\u00e1rio especial que promete surpreender o p\u00fablico. \u201cEste \u00e9 o nosso segundo trabalho juntos. No ano passado, lan\u00e7amos \u201cLua\u201d e participei da grava\u00e7\u00e3o do DVD dela. Agora voltamos a parceria, desta vez com a Ana no show que fiz em Ribeir\u00e3o Preto, em S\u00e3o Paulo. \u201cDeixa Nois Viver\u201d \u00e9 a nossa nova m\u00fasica que j\u00e1 recebeu uma acolhida calorosa do p\u00fablico. Estou animado!\u201d, compartilha&nbsp;Alok. A a\u00e7\u00e3o para a grava\u00e7\u00e3o e o lan\u00e7amento da faixa foi grandiosa. Nos dias que antecederam o show de&nbsp;Alok, as influenciadoras Camila Trianda e Luisa Alvarenga receberam em suas casas uma carta com a frase \u201cDeixa Nois Viver\u201d e, aos poucos, o p\u00fablico foi juntando pistas. No dia da filmagem, Mari Menezes foi a escolhida para desvendar o mist\u00e9rio, acompanhando um pouco mais dos bastidores e mostrando tudo em suas redes sociais, onde acabou \u201cvazando\u201d a capa do single para seus seguidores. Na semana da grava\u00e7\u00e3o, a capa tamb\u00e9m foi sendo revelada aos poucos ao longo dos dias no painel de LED do ped\u00e1gio da Ponte Rio Niter\u00f3i. Assim que os artistas subiram ao palco, a capa do single foi revelada por inteiro simultaneamente junto de um QRcode que redirecionava para o pr\u00e9-save da faixa nas plataformas. FONTE: FESTANEJO<\/p>\n","protected":false},"author":1,"featured_media":1050,"comment_status":"open","ping_status":"open","sticky":false,"template":"","format":"standard","meta":{"footnotes":""},"categories":[1],"tags":[],"class_list":["post-1049","post","type-post","status-publish","format-standard","has-post-thumbnail","hentry","category-sem-categoria"],"_links":{"self":[{"href":"https:\/\/educadoramoc.com\/index.php?rest_route=\/wp\/v2\/posts\/1049","targetHints":{"allow":["GET"]}}],"collection":[{"href":"https:\/\/educadoramoc.com\/index.php?rest_route=\/wp\/v2\/posts"}],"about":[{"href":"https:\/\/educadoramoc.com\/index.php?rest_route=\/wp\/v2\/types\/post"}],"author":[{"embeddable":true,"href":"https:\/\/educadoramoc.com\/index.php?rest_route=\/wp\/v2\/users\/1"}],"replies":[{"embeddable":true,"href":"https:\/\/educadoramoc.com\/index.php?rest_route=%2Fwp%2Fv2%2Fcomments&post=1049"}],"version-history":[{"count":1,"href":"https:\/\/educadoramoc.com\/index.php?rest_route=\/wp\/v2\/posts\/1049\/revisions"}],"predecessor-version":[{"id":1051,"href":"https:\/\/educadoramoc.com\/index.php?rest_route=\/wp\/v2\/posts\/1049\/revisions\/1051"}],"wp:featuredmedia":[{"embeddable":true,"href":"https:\/\/educadoramoc.com\/index.php?rest_route=\/wp\/v2\/media\/1050"}],"wp:attachment":[{"href":"https:\/\/educadoramoc.com\/index.php?rest_route=%2Fwp%2Fv2%2Fmedia&parent=1049"}],"wp:term":[{"taxonomy":"category","embeddable":true,"href":"https:\/\/educadoramoc.com\/index.php?rest_route=%2Fwp%2Fv2%2Fcategories&post=1049"},{"taxonomy":"post_tag","embeddable":true,"href":"https:\/\/educadoramoc.com\/index.php?rest_route=%2Fwp%2Fv2%2Ftags&post=1049"}],"curies":[{"name":"wp","href":"https:\/\/api.w.org\/{rel}","templated":true}]}}