{"id":1046,"date":"2025-05-21T09:28:41","date_gmt":"2025-05-21T12:28:41","guid":{"rendered":"https:\/\/educadoramoc.com\/?p=1046"},"modified":"2025-05-21T09:28:41","modified_gmt":"2025-05-21T12:28:41","slug":"eduardo-costa-surge-careca-e-confessa-uso-de-bomba-fiquei-deformado","status":"publish","type":"post","link":"https:\/\/educadoramoc.com\/?p=1046","title":{"rendered":"Eduardo Costa SURGE CARECA e confessa uso de bomba: \u201cFiquei deformado\u201d"},"content":{"rendered":"\n<p><strong>Eduardo Costa<\/strong>, de 46 anos, surpreendeu o p\u00fablico ao surgir com a cabe\u00e7a totalmente raspada durante uma apresenta\u00e7\u00e3o em\u00a0<strong>Lavras<\/strong>, no interior de Minas Gerais. O novo visual viralizou e gerou especula\u00e7\u00f5es, at\u00e9 que o pr\u00f3prio artista resolveu expor tudo: \u201c<em>Usei muita bomba<\/em>\u201d, revelou ele.<\/p>\n\n\n\n<p>Segundo o cantor, a&nbsp;<strong>queda de cabelo<\/strong>&nbsp;foi agravada pelo uso excessivo de&nbsp;<strong>anabolizantes<\/strong>&nbsp;no passado. \u201c<em>Meu cabelo estava muito ralo. Usei muita bomba. Veio a pandemia, o estresse\u2026 e meu cabelo caiu<\/em>\u201d, declarou em entrevista ao canal Conceito Sertanejo.<\/p>\n\n\n\n<p>Ele ainda revelou que j\u00e1 planejava o&nbsp;<strong>transplante capilar<\/strong>, mas adiava a decis\u00e3o. O p\u00f3s-operat\u00f3rio foi outro desafio: \u201c<em>Os tr\u00eas primeiros dias s\u00e3o terr\u00edveis. Dormir sentado, dor, coceira\u2026 \u00c9 tenso<\/em>\u201d.<\/p>\n\n\n\n<p>Nas redes sociais, a rea\u00e7\u00e3o foi imediata. Muitos f\u00e3s n\u00e3o reconheceram o cantor \u00e0 primeira vista. Outros demonstraram apoio, enquanto alguns n\u00e3o pouparam cr\u00edticas e memes sobre o novo visual. Eduardo, por sua vez, n\u00e3o se abateu: \u201c<em>N\u00e3o estou aqui para ser bonito. Estou aqui para cantar<\/em>\u201d.<\/p>\n\n\n\n<p>Em tom sincero,\u00a0<strong>Eduardo Costa<\/strong>\u00a0afirmou que sua apar\u00eancia est\u00e1 longe de ser prioridade. \u201c<em>Se estou feio ou bonito, n\u00e3o importa. Estou ali para fazer m\u00fasica<\/em>\u201d, disparou, ao deixar claro que sua preocupa\u00e7\u00e3o \u00e9 com o talento, n\u00e3o com a imagem.<\/p>\n\n\n\n<p><a href=\"https:\/\/movimentocountry.com\/noticias\/eduardo-costa-verdade-chocante\/\">FONTE: MOVIMENTO COUNTRY <\/a><\/p>\n\n\n\n<p><\/p>\n","protected":false},"excerpt":{"rendered":"<p>Eduardo Costa, de 46 anos, surpreendeu o p\u00fablico ao surgir com a cabe\u00e7a totalmente raspada durante uma apresenta\u00e7\u00e3o em\u00a0Lavras, no interior de Minas Gerais. O novo visual viralizou e gerou especula\u00e7\u00f5es, at\u00e9 que o pr\u00f3prio artista resolveu expor tudo: \u201cUsei muita bomba\u201d, revelou ele. Segundo o cantor, a&nbsp;queda de cabelo&nbsp;foi agravada pelo uso excessivo de&nbsp;anabolizantes&nbsp;no passado. \u201cMeu cabelo estava muito ralo. Usei muita bomba. Veio a pandemia, o estresse\u2026 e meu cabelo caiu\u201d, declarou em entrevista ao canal Conceito Sertanejo. Ele ainda revelou que j\u00e1 planejava o&nbsp;transplante capilar, mas adiava a decis\u00e3o. O p\u00f3s-operat\u00f3rio foi outro desafio: \u201cOs tr\u00eas primeiros dias s\u00e3o terr\u00edveis. Dormir sentado, dor, coceira\u2026 \u00c9 tenso\u201d. Nas redes sociais, a rea\u00e7\u00e3o foi imediata. Muitos f\u00e3s n\u00e3o reconheceram o cantor \u00e0 primeira vista. Outros demonstraram apoio, enquanto alguns n\u00e3o pouparam cr\u00edticas e memes sobre o novo visual. Eduardo, por sua vez, n\u00e3o se abateu: \u201cN\u00e3o estou aqui para ser bonito. Estou aqui para cantar\u201d. Em tom sincero,\u00a0Eduardo Costa\u00a0afirmou que sua apar\u00eancia est\u00e1 longe de ser prioridade. \u201cSe estou feio ou bonito, n\u00e3o importa. Estou ali para fazer m\u00fasica\u201d, disparou, ao deixar claro que sua preocupa\u00e7\u00e3o \u00e9 com o talento, n\u00e3o com a imagem. FONTE: MOVIMENTO COUNTRY<\/p>\n","protected":false},"author":1,"featured_media":1047,"comment_status":"open","ping_status":"open","sticky":false,"template":"","format":"standard","meta":{"footnotes":""},"categories":[1],"tags":[],"class_list":["post-1046","post","type-post","status-publish","format-standard","has-post-thumbnail","hentry","category-sem-categoria"],"_links":{"self":[{"href":"https:\/\/educadoramoc.com\/index.php?rest_route=\/wp\/v2\/posts\/1046","targetHints":{"allow":["GET"]}}],"collection":[{"href":"https:\/\/educadoramoc.com\/index.php?rest_route=\/wp\/v2\/posts"}],"about":[{"href":"https:\/\/educadoramoc.com\/index.php?rest_route=\/wp\/v2\/types\/post"}],"author":[{"embeddable":true,"href":"https:\/\/educadoramoc.com\/index.php?rest_route=\/wp\/v2\/users\/1"}],"replies":[{"embeddable":true,"href":"https:\/\/educadoramoc.com\/index.php?rest_route=%2Fwp%2Fv2%2Fcomments&post=1046"}],"version-history":[{"count":1,"href":"https:\/\/educadoramoc.com\/index.php?rest_route=\/wp\/v2\/posts\/1046\/revisions"}],"predecessor-version":[{"id":1048,"href":"https:\/\/educadoramoc.com\/index.php?rest_route=\/wp\/v2\/posts\/1046\/revisions\/1048"}],"wp:featuredmedia":[{"embeddable":true,"href":"https:\/\/educadoramoc.com\/index.php?rest_route=\/wp\/v2\/media\/1047"}],"wp:attachment":[{"href":"https:\/\/educadoramoc.com\/index.php?rest_route=%2Fwp%2Fv2%2Fmedia&parent=1046"}],"wp:term":[{"taxonomy":"category","embeddable":true,"href":"https:\/\/educadoramoc.com\/index.php?rest_route=%2Fwp%2Fv2%2Fcategories&post=1046"},{"taxonomy":"post_tag","embeddable":true,"href":"https:\/\/educadoramoc.com\/index.php?rest_route=%2Fwp%2Fv2%2Ftags&post=1046"}],"curies":[{"name":"wp","href":"https:\/\/api.w.org\/{rel}","templated":true}]}}