{"id":1043,"date":"2025-05-20T09:43:34","date_gmt":"2025-05-20T12:43:34","guid":{"rendered":"https:\/\/educadoramoc.com\/?p=1043"},"modified":"2025-05-20T09:43:35","modified_gmt":"2025-05-20T12:43:35","slug":"dulce-maria-solta-previa-de-musica-com-marilia-mendonca-temos-uma-missao","status":"publish","type":"post","link":"https:\/\/educadoramoc.com\/?p=1043","title":{"rendered":"Dulce Mar\u00eda solta pr\u00e9via de m\u00fasica com Mar\u00edlia Mendon\u00e7a: \u201ctemos uma miss\u00e3o\u201d"},"content":{"rendered":"\n<p>Um ano e meio ap\u00f3s o\u00a0<a href=\"https:\/\/portalpopline.com.br\/rbd-falou-planos-2024-ultimo-show-soy-rebelde-tour-2\/\" target=\"_blank\" rel=\"noreferrer noopener\">fim da turn\u00ea do\u00a0<strong>RBD<\/strong><\/a>,\u00a0<a href=\"https:\/\/portalpopline.com.br\/tag\/dulce-maria\" target=\"_blank\" rel=\"noreferrer noopener\"><strong>Dulce Mar\u00eda<\/strong>\u00a0<\/a>est\u00e1 pronta para retomar sua carreira solo. A mexicana far\u00e1 isso com a m\u00fasica\u00a0<em>\u201cSem Direito ao Amor\u201d<\/em>, uma parceria p\u00f3stuma com\u00a0<a href=\"https:\/\/portalpopline.com.br\/tag\/marilia-mendonca\/\" target=\"_blank\" rel=\"noreferrer noopener\"><strong>Mar\u00edlia Mendon\u00e7a<\/strong><\/a>. A cantora sertaneja era grande f\u00e3 do\u00a0<strong>RBD<\/strong>\u00a0e<a href=\"https:\/\/portalpopline.com.br\/revelado-o-nome-da-parceria-de-dulce-maria-com-marilia-mendonca\/\" target=\"_blank\" rel=\"noreferrer noopener\">\u00a0trabalhou com<strong>\u00a0Dulce<\/strong><\/a>\u00a0antes de seu\u00a0<a href=\"https:\/\/portalpopline.com.br\/marilia-mendonca-morre-em-acidente-de-aviao\/\" target=\"_blank\" rel=\"noreferrer noopener\">falecimento em um acidente a\u00e9reo em 2021<\/a>. O single ser\u00e1 lan\u00e7ado na quinta (22\/5).<\/p>\n\n\n\n<p><em>\u201cGuerreiros, tem uma miss\u00e3o: que essa voz que tocou nossas almas siga voando livre, sem fronteiras. Seremos seu eco. Que seu legado nunca seja esquecido. Cantamos pelos que n\u00e3o puderam, pelos que amaram em sil\u00eancio, pelos que resistiram\u2026 sem direito ao amor\u201d,<\/em>\u00a0<strong>Dulce<\/strong>\u00a0escreveu no Instagram.<\/p>\n\n\n\n<p>Esse \u00e9 o segundo dueto da integrante do\u00a0<strong>RBD<\/strong>\u00a0com\u00a0<strong>Mar\u00edlia Mendon\u00e7a<\/strong>. Na verdade, \u00e9 a vers\u00e3o em portugu\u00eas de\u00a0<a href=\"https:\/\/portalpopline.com.br\/dulce-maria-marilia-mendonca-amigos-con-derechos\/\" target=\"_blank\" rel=\"noreferrer noopener\"><em>\u201cAmigos Con Derechos\u201d,<\/em>\u00a0lan\u00e7ada por\u00a0<strong>Dulce<\/strong>\u00a0logo ap\u00f3s a morte da brasileira<\/a>. Essa foi a primeira m\u00fasica em espanhol de\u00a0<strong>Mar\u00edlia<\/strong>.<\/p>\n\n\n\n<p>Na \u00e9poca,\u00a0<strong>Dulce\u00a0<\/strong>contou que consultou a fam\u00edlia da cantora e que recebeu aval para o lan\u00e7amento.\u00a0<em>\u201cEles nos falaram que queriam lan\u00e7ar porque era um desejo de Mar\u00edlia, que ela tinha deixado. Ent\u00e3o decidimos ir agora com a vers\u00e3o em espanhol que era a que mais a empolgava\u201d,<\/em>\u00a0disse a mexicana.<\/p>\n\n\n\n<p><a href=\"https:\/\/portalpopline.com.br\/dulce-maria-previa-musica-marilia-mendonca\/\">FONTE: POPLINE<\/a><\/p>\n\n\n\n<p><\/p>\n","protected":false},"excerpt":{"rendered":"<p>Um ano e meio ap\u00f3s o\u00a0fim da turn\u00ea do\u00a0RBD,\u00a0Dulce Mar\u00eda\u00a0est\u00e1 pronta para retomar sua carreira solo. A mexicana far\u00e1 isso com a m\u00fasica\u00a0\u201cSem Direito ao Amor\u201d, uma parceria p\u00f3stuma com\u00a0Mar\u00edlia Mendon\u00e7a. A cantora sertaneja era grande f\u00e3 do\u00a0RBD\u00a0e\u00a0trabalhou com\u00a0Dulce\u00a0antes de seu\u00a0falecimento em um acidente a\u00e9reo em 2021. O single ser\u00e1 lan\u00e7ado na quinta (22\/5). \u201cGuerreiros, tem uma miss\u00e3o: que essa voz que tocou nossas almas siga voando livre, sem fronteiras. Seremos seu eco. Que seu legado nunca seja esquecido. Cantamos pelos que n\u00e3o puderam, pelos que amaram em sil\u00eancio, pelos que resistiram\u2026 sem direito ao amor\u201d,\u00a0Dulce\u00a0escreveu no Instagram. Esse \u00e9 o segundo dueto da integrante do\u00a0RBD\u00a0com\u00a0Mar\u00edlia Mendon\u00e7a. Na verdade, \u00e9 a vers\u00e3o em portugu\u00eas de\u00a0\u201cAmigos Con Derechos\u201d,\u00a0lan\u00e7ada por\u00a0Dulce\u00a0logo ap\u00f3s a morte da brasileira. Essa foi a primeira m\u00fasica em espanhol de\u00a0Mar\u00edlia. Na \u00e9poca,\u00a0Dulce\u00a0contou que consultou a fam\u00edlia da cantora e que recebeu aval para o lan\u00e7amento.\u00a0\u201cEles nos falaram que queriam lan\u00e7ar porque era um desejo de Mar\u00edlia, que ela tinha deixado. Ent\u00e3o decidimos ir agora com a vers\u00e3o em espanhol que era a que mais a empolgava\u201d,\u00a0disse a mexicana. FONTE: POPLINE<\/p>\n","protected":false},"author":1,"featured_media":1044,"comment_status":"open","ping_status":"open","sticky":false,"template":"","format":"standard","meta":{"footnotes":""},"categories":[1],"tags":[],"class_list":["post-1043","post","type-post","status-publish","format-standard","has-post-thumbnail","hentry","category-sem-categoria"],"_links":{"self":[{"href":"https:\/\/educadoramoc.com\/index.php?rest_route=\/wp\/v2\/posts\/1043","targetHints":{"allow":["GET"]}}],"collection":[{"href":"https:\/\/educadoramoc.com\/index.php?rest_route=\/wp\/v2\/posts"}],"about":[{"href":"https:\/\/educadoramoc.com\/index.php?rest_route=\/wp\/v2\/types\/post"}],"author":[{"embeddable":true,"href":"https:\/\/educadoramoc.com\/index.php?rest_route=\/wp\/v2\/users\/1"}],"replies":[{"embeddable":true,"href":"https:\/\/educadoramoc.com\/index.php?rest_route=%2Fwp%2Fv2%2Fcomments&post=1043"}],"version-history":[{"count":1,"href":"https:\/\/educadoramoc.com\/index.php?rest_route=\/wp\/v2\/posts\/1043\/revisions"}],"predecessor-version":[{"id":1045,"href":"https:\/\/educadoramoc.com\/index.php?rest_route=\/wp\/v2\/posts\/1043\/revisions\/1045"}],"wp:featuredmedia":[{"embeddable":true,"href":"https:\/\/educadoramoc.com\/index.php?rest_route=\/wp\/v2\/media\/1044"}],"wp:attachment":[{"href":"https:\/\/educadoramoc.com\/index.php?rest_route=%2Fwp%2Fv2%2Fmedia&parent=1043"}],"wp:term":[{"taxonomy":"category","embeddable":true,"href":"https:\/\/educadoramoc.com\/index.php?rest_route=%2Fwp%2Fv2%2Fcategories&post=1043"},{"taxonomy":"post_tag","embeddable":true,"href":"https:\/\/educadoramoc.com\/index.php?rest_route=%2Fwp%2Fv2%2Ftags&post=1043"}],"curies":[{"name":"wp","href":"https:\/\/api.w.org\/{rel}","templated":true}]}}