{"id":1039,"date":"2025-05-19T09:29:55","date_gmt":"2025-05-19T12:29:55","guid":{"rendered":"https:\/\/educadoramoc.com\/?p=1039"},"modified":"2025-05-19T09:33:15","modified_gmt":"2025-05-19T12:33:15","slug":"exclusivo-michel-telo-abre-jogo-e-fala-pela-primeira-vez-sobre-o-sabadao-sertanejo","status":"publish","type":"post","link":"https:\/\/educadoramoc.com\/?p=1039","title":{"rendered":"EXCLUSIVO: Michel Tel\u00f3 abre jogo e fala pela primeira vez sobre o \u201cSabad\u00e3o Sertanejo\u201d"},"content":{"rendered":"\n<p>Durante um bate-papo leve e descontra\u00eddo,&nbsp;<a href=\"https:\/\/instagram.com\/michetelo\" target=\"_blank\" rel=\"noreferrer noopener\"><strong>Michel Tel\u00f3<\/strong>&nbsp;foi direto ao ponto<\/a>: pela primeira vez, comentou publicamente os rumores de que estaria sendo sondado para comandar a nova vers\u00e3o do cl\u00e1ssico&nbsp;<strong>Sabad\u00e3o Sertanejo<\/strong>, programa eternizado por&nbsp;<strong>Gugu Liberato<\/strong>. A revela\u00e7\u00e3o foi feita com cuidado, mas&nbsp;<strong>causou clim\u00e3o<\/strong>&nbsp;entre os f\u00e3s.<\/p>\n\n\n\n<p>\u201c<em>\u00c9 um programa que eu assistia muito. Meus \u00eddolos passaram por l\u00e1. Era uma realidade distante para mim, l\u00e1 em Campo Grande<\/em>\u201d, declarou Tel\u00f3, visivelmente emocionado com a lembran\u00e7a. Para ele, a atra\u00e7\u00e3o representa um cap\u00edtulo importante da m\u00fasica sertaneja na TV brasileira.<\/p>\n\n\n\n<h3 class=\"wp-block-heading\">Convite em aberto e resposta que surpreende<\/h3>\n\n\n\n<p>Ao ser questionado diretamente se aceitaria o comando do programa caso fosse oficialmente convidado, Tel\u00f3 foi cauteloso: \u201c<em>Tenho muitos projetos em mente ainda este ano, teria que analisar a situa\u00e7\u00e3o com calma<\/em>\u201d, disse, deixando claro que n\u00e3o descarta a possibilidade, mas tamb\u00e9m n\u00e3o d\u00e1 a certeza.<\/p>\n\n\n\n<p>A resposta, mesmo diplom\u00e1tica,&nbsp;<strong>exp\u00f5e uma poss\u00edvel mudan\u00e7a radical<\/strong>&nbsp;na carreira de Tel\u00f3, que atualmente est\u00e1 mais focado em seu projeto \u201c<strong>Sertanejinho<\/strong>\u201d. Para o p\u00fablico, a fala do cantor foi um sinal claro de que algo est\u00e1 sendo gestado nos bastidores.<\/p>\n\n\n\n<p><a href=\"https:\/\/movimentocountry.com\/noticias\/michel-telo-sabadao-sertanejo\/\">FONTE: MOVIMENTO COUNTRY <\/a><\/p>\n\n\n\n<p><\/p>\n","protected":false},"excerpt":{"rendered":"<p>Durante um bate-papo leve e descontra\u00eddo,&nbsp;Michel Tel\u00f3&nbsp;foi direto ao ponto: pela primeira vez, comentou publicamente os rumores de que estaria sendo sondado para comandar a nova vers\u00e3o do cl\u00e1ssico&nbsp;Sabad\u00e3o Sertanejo, programa eternizado por&nbsp;Gugu Liberato. A revela\u00e7\u00e3o foi feita com cuidado, mas&nbsp;causou clim\u00e3o&nbsp;entre os f\u00e3s. \u201c\u00c9 um programa que eu assistia muito. Meus \u00eddolos passaram por l\u00e1. Era uma realidade distante para mim, l\u00e1 em Campo Grande\u201d, declarou Tel\u00f3, visivelmente emocionado com a lembran\u00e7a. Para ele, a atra\u00e7\u00e3o representa um cap\u00edtulo importante da m\u00fasica sertaneja na TV brasileira. Convite em aberto e resposta que surpreende Ao ser questionado diretamente se aceitaria o comando do programa caso fosse oficialmente convidado, Tel\u00f3 foi cauteloso: \u201cTenho muitos projetos em mente ainda este ano, teria que analisar a situa\u00e7\u00e3o com calma\u201d, disse, deixando claro que n\u00e3o descarta a possibilidade, mas tamb\u00e9m n\u00e3o d\u00e1 a certeza. A resposta, mesmo diplom\u00e1tica,&nbsp;exp\u00f5e uma poss\u00edvel mudan\u00e7a radical&nbsp;na carreira de Tel\u00f3, que atualmente est\u00e1 mais focado em seu projeto \u201cSertanejinho\u201d. Para o p\u00fablico, a fala do cantor foi um sinal claro de que algo est\u00e1 sendo gestado nos bastidores. FONTE: MOVIMENTO COUNTRY<\/p>\n","protected":false},"author":1,"featured_media":1040,"comment_status":"open","ping_status":"open","sticky":false,"template":"","format":"standard","meta":{"footnotes":""},"categories":[1],"tags":[],"class_list":["post-1039","post","type-post","status-publish","format-standard","has-post-thumbnail","hentry","category-sem-categoria"],"_links":{"self":[{"href":"https:\/\/educadoramoc.com\/index.php?rest_route=\/wp\/v2\/posts\/1039","targetHints":{"allow":["GET"]}}],"collection":[{"href":"https:\/\/educadoramoc.com\/index.php?rest_route=\/wp\/v2\/posts"}],"about":[{"href":"https:\/\/educadoramoc.com\/index.php?rest_route=\/wp\/v2\/types\/post"}],"author":[{"embeddable":true,"href":"https:\/\/educadoramoc.com\/index.php?rest_route=\/wp\/v2\/users\/1"}],"replies":[{"embeddable":true,"href":"https:\/\/educadoramoc.com\/index.php?rest_route=%2Fwp%2Fv2%2Fcomments&post=1039"}],"version-history":[{"count":2,"href":"https:\/\/educadoramoc.com\/index.php?rest_route=\/wp\/v2\/posts\/1039\/revisions"}],"predecessor-version":[{"id":1042,"href":"https:\/\/educadoramoc.com\/index.php?rest_route=\/wp\/v2\/posts\/1039\/revisions\/1042"}],"wp:featuredmedia":[{"embeddable":true,"href":"https:\/\/educadoramoc.com\/index.php?rest_route=\/wp\/v2\/media\/1040"}],"wp:attachment":[{"href":"https:\/\/educadoramoc.com\/index.php?rest_route=%2Fwp%2Fv2%2Fmedia&parent=1039"}],"wp:term":[{"taxonomy":"category","embeddable":true,"href":"https:\/\/educadoramoc.com\/index.php?rest_route=%2Fwp%2Fv2%2Fcategories&post=1039"},{"taxonomy":"post_tag","embeddable":true,"href":"https:\/\/educadoramoc.com\/index.php?rest_route=%2Fwp%2Fv2%2Ftags&post=1039"}],"curies":[{"name":"wp","href":"https:\/\/api.w.org\/{rel}","templated":true}]}}