{"id":1036,"date":"2025-05-16T09:35:37","date_gmt":"2025-05-16T12:35:37","guid":{"rendered":"https:\/\/educadoramoc.com\/?p=1036"},"modified":"2025-05-16T09:35:38","modified_gmt":"2025-05-16T12:35:38","slug":"bruno-fara-sua-1a-apresentacao-solo-apos-marrone-anunciar-pausa-na-carreira","status":"publish","type":"post","link":"https:\/\/educadoramoc.com\/?p=1036","title":{"rendered":"Bruno far\u00e1 sua 1\u00aa apresenta\u00e7\u00e3o solo, ap\u00f3s Marrone anunciar pausa na carreira"},"content":{"rendered":"\n<p>Com Marrone afastado por recomenda\u00e7\u00e3o m\u00e9dica,&nbsp;<strong>Bruno<\/strong>&nbsp;vai cumprir a agenda de shows sozinho. A primeira apresenta\u00e7\u00e3o solo acontecer\u00e1 nesta quinta-feira (15), em Palmas (TO), durante a&nbsp;<strong>Agrotins<\/strong>, na Pra\u00e7a dos Girass\u00f3is.<\/p>\n\n\n\n<p>Al\u00e9m de Bruno, o evento tamb\u00e9m contar\u00e1 com show da banda&nbsp;<strong>Lim\u00e3o com Mel<\/strong>. A expectativa do p\u00fablico \u00e9 grande, j\u00e1 que ser\u00e1 a primeira vez que o cantor se apresenta sem o parceiro em mais de 30 anos de carreira.<\/p>\n\n\n\n<p>Na \u00faltima ter\u00e7a-feira (13), Marrone recebeu alta hospitalar e foi encaminhado para casa, onde dever\u00e1 permanecer em&nbsp;<strong>repouso absoluto<\/strong>&nbsp;nas pr\u00f3ximas semanas. A equipe m\u00e9dica recomendou afastamento total dos palcos at\u00e9 completa recupera\u00e7\u00e3o.<\/p>\n\n\n\n<p>A assessoria da dupla informou que o cantor est\u00e1 bem e sendo acompanhado de perto pelos familiares.<\/p>\n\n\n\n<p>Segundo a assessoria da dupla, a&nbsp;<strong>agenda de shows de Bruno &amp; Marrone<\/strong>&nbsp;n\u00e3o sofrer\u00e1 altera\u00e7\u00f5es. Ap\u00f3s o show de Palmas, Bruno tamb\u00e9m cumprir\u00e1 compromisso solo em&nbsp;<strong>Recife<\/strong>, no pr\u00f3ximo s\u00e1bado (17).<\/p>\n\n\n\n<p>O cantor deve manter os compromissos da dupla at\u00e9 que Marrone esteja apto a retornar aos palcos, marcando um cap\u00edtulo in\u00e9dito na hist\u00f3ria de uma das parcerias mais consolidadas da m\u00fasica sertaneja.<\/p>\n\n\n\n<p><a href=\"https:\/\/movimentocountry.com\/noticias\/bruno-sem-marrone\/\">FONTE: MOVIMENTO COUNTRY <\/a><\/p>\n\n\n\n<p><\/p>\n","protected":false},"excerpt":{"rendered":"<p>Com Marrone afastado por recomenda\u00e7\u00e3o m\u00e9dica,&nbsp;Bruno&nbsp;vai cumprir a agenda de shows sozinho. A primeira apresenta\u00e7\u00e3o solo acontecer\u00e1 nesta quinta-feira (15), em Palmas (TO), durante a&nbsp;Agrotins, na Pra\u00e7a dos Girass\u00f3is. Al\u00e9m de Bruno, o evento tamb\u00e9m contar\u00e1 com show da banda&nbsp;Lim\u00e3o com Mel. A expectativa do p\u00fablico \u00e9 grande, j\u00e1 que ser\u00e1 a primeira vez que o cantor se apresenta sem o parceiro em mais de 30 anos de carreira. Na \u00faltima ter\u00e7a-feira (13), Marrone recebeu alta hospitalar e foi encaminhado para casa, onde dever\u00e1 permanecer em&nbsp;repouso absoluto&nbsp;nas pr\u00f3ximas semanas. A equipe m\u00e9dica recomendou afastamento total dos palcos at\u00e9 completa recupera\u00e7\u00e3o. A assessoria da dupla informou que o cantor est\u00e1 bem e sendo acompanhado de perto pelos familiares. Segundo a assessoria da dupla, a&nbsp;agenda de shows de Bruno &amp; Marrone&nbsp;n\u00e3o sofrer\u00e1 altera\u00e7\u00f5es. Ap\u00f3s o show de Palmas, Bruno tamb\u00e9m cumprir\u00e1 compromisso solo em&nbsp;Recife, no pr\u00f3ximo s\u00e1bado (17). O cantor deve manter os compromissos da dupla at\u00e9 que Marrone esteja apto a retornar aos palcos, marcando um cap\u00edtulo in\u00e9dito na hist\u00f3ria de uma das parcerias mais consolidadas da m\u00fasica sertaneja. FONTE: MOVIMENTO COUNTRY<\/p>\n","protected":false},"author":1,"featured_media":1037,"comment_status":"open","ping_status":"open","sticky":false,"template":"","format":"standard","meta":{"footnotes":""},"categories":[1],"tags":[],"class_list":["post-1036","post","type-post","status-publish","format-standard","has-post-thumbnail","hentry","category-sem-categoria"],"_links":{"self":[{"href":"https:\/\/educadoramoc.com\/index.php?rest_route=\/wp\/v2\/posts\/1036","targetHints":{"allow":["GET"]}}],"collection":[{"href":"https:\/\/educadoramoc.com\/index.php?rest_route=\/wp\/v2\/posts"}],"about":[{"href":"https:\/\/educadoramoc.com\/index.php?rest_route=\/wp\/v2\/types\/post"}],"author":[{"embeddable":true,"href":"https:\/\/educadoramoc.com\/index.php?rest_route=\/wp\/v2\/users\/1"}],"replies":[{"embeddable":true,"href":"https:\/\/educadoramoc.com\/index.php?rest_route=%2Fwp%2Fv2%2Fcomments&post=1036"}],"version-history":[{"count":1,"href":"https:\/\/educadoramoc.com\/index.php?rest_route=\/wp\/v2\/posts\/1036\/revisions"}],"predecessor-version":[{"id":1038,"href":"https:\/\/educadoramoc.com\/index.php?rest_route=\/wp\/v2\/posts\/1036\/revisions\/1038"}],"wp:featuredmedia":[{"embeddable":true,"href":"https:\/\/educadoramoc.com\/index.php?rest_route=\/wp\/v2\/media\/1037"}],"wp:attachment":[{"href":"https:\/\/educadoramoc.com\/index.php?rest_route=%2Fwp%2Fv2%2Fmedia&parent=1036"}],"wp:term":[{"taxonomy":"category","embeddable":true,"href":"https:\/\/educadoramoc.com\/index.php?rest_route=%2Fwp%2Fv2%2Fcategories&post=1036"},{"taxonomy":"post_tag","embeddable":true,"href":"https:\/\/educadoramoc.com\/index.php?rest_route=%2Fwp%2Fv2%2Ftags&post=1036"}],"curies":[{"name":"wp","href":"https:\/\/api.w.org\/{rel}","templated":true}]}}