{"id":1030,"date":"2025-05-13T08:38:56","date_gmt":"2025-05-13T11:38:56","guid":{"rendered":"https:\/\/educadoramoc.com\/?p=1030"},"modified":"2025-05-13T08:38:57","modified_gmt":"2025-05-13T11:38:57","slug":"qual-estado-de-saude-de-marrone-dupla-com-bruno-levado-ao-hospital-apos-cair-de-palco","status":"publish","type":"post","link":"https:\/\/educadoramoc.com\/?p=1030","title":{"rendered":"Qual estado de sa\u00fade de Marrone, dupla com Bruno, levado ao hospital ap\u00f3s cair de palco"},"content":{"rendered":"\n<p>Marrone, da dupla Bruno &amp; Marrone, foi levado para o Hospital Albert Einstein ap\u00f3s cair do palco durante um show em Goi\u00e2nia na noite deste s\u00e1bado (10). \u00a0De acordo com familiares, o cantor est\u00e1 com ferimentos leves e foi submetido a exames. As informa\u00e7\u00f5es s\u00e3o do g1.<\/p>\n\n\n\n<p>Nas redes sociais, o parceiro da dupla tranquilizou os f\u00e3s e disse que Marrone est\u00e1 bem. O cantor precisou levar pontos na testa.\u00a0<\/p>\n\n\n\n<p>\u2014 T\u00e1 tudo certo com o Marrone. Ele caiu do palco e quase me matou do cora\u00e7\u00e3o. S\u00f3 deu uns pontinhos na testa. Conversou comigo aqui j\u00e1, t\u00e1 tudo bem, mas meu Deus, eu assutei muito, mas gra\u00e7as a Deus t\u00e1 tudo certo. O Marrone t\u00e1 \u00f3timo\u201d \u2014 disse Bruno.<\/p>\n\n\n\n<p>Atrav\u00e9s de um v\u00eddeo \u00e9 poss\u00edvel ver quando a equipe de produ\u00e7\u00e3o da dupla se aglomera para ajudar o cantor. O p\u00fablico chega a fazer coro com o nome do artista. O Corpo de Bombeiros n\u00e3o foi acionado. Marrone ficar\u00e1 em observa\u00e7\u00e3o por 48 horas.\u00a0<\/p>\n\n\n\n<p>O show \u201cInevit\u00e1vel \u2013 A Festa\u201d ocorreu no Centro Cultural Oscar Niemeyer. Al\u00e9m de Bruno e Marrone, tamb\u00e9m se apresentaram Dino Fonseca e Enzo Rabelo. Segundo a organiza\u00e7\u00e3o do evento, a dupla sertaneja cantou seus maiores cl\u00e1ssicos e sucessos da carreira.<\/p>\n\n\n\n<p><a href=\"https:\/\/www.nsctotal.com.br\/noticias\/qual-estado-de-saude-de-marrone-dupla-com-bruno-levado-ao-hospital-apos-cair-de-palco\">FONTE: NSC TOTAL <\/a><\/p>\n","protected":false},"excerpt":{"rendered":"<p>Marrone, da dupla Bruno &amp; Marrone, foi levado para o Hospital Albert Einstein ap\u00f3s cair do palco durante um show em Goi\u00e2nia na noite deste s\u00e1bado (10). \u00a0De acordo com familiares, o cantor est\u00e1 com ferimentos leves e foi submetido a exames. As informa\u00e7\u00f5es s\u00e3o do g1. Nas redes sociais, o parceiro da dupla tranquilizou os f\u00e3s e disse que Marrone est\u00e1 bem. O cantor precisou levar pontos na testa.\u00a0 \u2014 T\u00e1 tudo certo com o Marrone. Ele caiu do palco e quase me matou do cora\u00e7\u00e3o. S\u00f3 deu uns pontinhos na testa. Conversou comigo aqui j\u00e1, t\u00e1 tudo bem, mas meu Deus, eu assutei muito, mas gra\u00e7as a Deus t\u00e1 tudo certo. O Marrone t\u00e1 \u00f3timo\u201d \u2014 disse Bruno. Atrav\u00e9s de um v\u00eddeo \u00e9 poss\u00edvel ver quando a equipe de produ\u00e7\u00e3o da dupla se aglomera para ajudar o cantor. O p\u00fablico chega a fazer coro com o nome do artista. O Corpo de Bombeiros n\u00e3o foi acionado. Marrone ficar\u00e1 em observa\u00e7\u00e3o por 48 horas.\u00a0 O show \u201cInevit\u00e1vel \u2013 A Festa\u201d ocorreu no Centro Cultural Oscar Niemeyer. Al\u00e9m de Bruno e Marrone, tamb\u00e9m se apresentaram Dino Fonseca e Enzo Rabelo. Segundo a organiza\u00e7\u00e3o do evento, a dupla sertaneja cantou seus maiores cl\u00e1ssicos e sucessos da carreira. FONTE: NSC TOTAL<\/p>\n","protected":false},"author":1,"featured_media":1031,"comment_status":"open","ping_status":"open","sticky":false,"template":"","format":"standard","meta":{"footnotes":""},"categories":[1],"tags":[],"class_list":["post-1030","post","type-post","status-publish","format-standard","has-post-thumbnail","hentry","category-sem-categoria"],"_links":{"self":[{"href":"https:\/\/educadoramoc.com\/index.php?rest_route=\/wp\/v2\/posts\/1030","targetHints":{"allow":["GET"]}}],"collection":[{"href":"https:\/\/educadoramoc.com\/index.php?rest_route=\/wp\/v2\/posts"}],"about":[{"href":"https:\/\/educadoramoc.com\/index.php?rest_route=\/wp\/v2\/types\/post"}],"author":[{"embeddable":true,"href":"https:\/\/educadoramoc.com\/index.php?rest_route=\/wp\/v2\/users\/1"}],"replies":[{"embeddable":true,"href":"https:\/\/educadoramoc.com\/index.php?rest_route=%2Fwp%2Fv2%2Fcomments&post=1030"}],"version-history":[{"count":1,"href":"https:\/\/educadoramoc.com\/index.php?rest_route=\/wp\/v2\/posts\/1030\/revisions"}],"predecessor-version":[{"id":1032,"href":"https:\/\/educadoramoc.com\/index.php?rest_route=\/wp\/v2\/posts\/1030\/revisions\/1032"}],"wp:featuredmedia":[{"embeddable":true,"href":"https:\/\/educadoramoc.com\/index.php?rest_route=\/wp\/v2\/media\/1031"}],"wp:attachment":[{"href":"https:\/\/educadoramoc.com\/index.php?rest_route=%2Fwp%2Fv2%2Fmedia&parent=1030"}],"wp:term":[{"taxonomy":"category","embeddable":true,"href":"https:\/\/educadoramoc.com\/index.php?rest_route=%2Fwp%2Fv2%2Fcategories&post=1030"},{"taxonomy":"post_tag","embeddable":true,"href":"https:\/\/educadoramoc.com\/index.php?rest_route=%2Fwp%2Fv2%2Ftags&post=1030"}],"curies":[{"name":"wp","href":"https:\/\/api.w.org\/{rel}","templated":true}]}}