{"id":1023,"date":"2025-05-09T09:05:27","date_gmt":"2025-05-09T12:05:27","guid":{"rendered":"https:\/\/educadoramoc.com\/?p=1023"},"modified":"2025-05-09T09:05:32","modified_gmt":"2025-05-09T12:05:32","slug":"eduardo-costa-expoe-passado-tragico-superacao-chocante-e-traumas-ocultos","status":"publish","type":"post","link":"https:\/\/educadoramoc.com\/?p=1023","title":{"rendered":"Eduardo Costa exp\u00f5e passado tr\u00e1gico: supera\u00e7\u00e3o chocante e traumas ocultos"},"content":{"rendered":"\n<p>A hist\u00f3ria de&nbsp;<a href=\"https:\/\/www.instagram.com\/eduardocosta\/\" target=\"_blank\" rel=\"noreferrer noopener\"><strong>Eduardo Costa<\/strong>&nbsp;come\u00e7a com a&nbsp;<strong>pobreza extrema<\/strong><\/a>&nbsp;no interior de Minas Gerais. Nascido em Abre Campo, ele cresceu em uma fam\u00edlia simples, enfrentando dificuldades financeiras severas.<\/p>\n\n\n\n<p>Trabalhou como pedreiro, vendedor de picol\u00e9 e at\u00e9 limpador de t\u00famulos. Sem recursos, muitas vezes passava fome e dormia no ch\u00e3o. Foi nesse ambiente de priva\u00e7\u00f5es que encontrou na m\u00fasica uma sa\u00edda.&nbsp;<em>\u201cN\u00e3o tinha nada, s\u00f3 a vontade de vencer\u201d<\/em>, revelou em uma entrevista onde&nbsp;<strong>exp\u00f4s a verdade<\/strong>&nbsp;sobre seu passado.<\/p>\n\n\n\n<p>Em 2011, um\u00a0<strong>acidente a\u00e9reo<\/strong>\u00a0mudou drasticamente a vida do cantor. A aeronave em que estava fez um pouso for\u00e7ado, e ele sofreu\u00a0<strong>ferimentos graves no rosto<\/strong>, especialmente no nariz, o que exigiu cirurgias reconstrutivas.<\/p>\n\n\n\n<p><em>\u201cAchei que minha carreira tinha acabado ali\u201d<\/em>, declarou ao relembrar o epis\u00f3dio. O trauma f\u00edsico se somou a crises emocionais, fazendo com que o artista enfrentasse momentos profundos de\u00a0<strong>depress\u00e3o e medo<\/strong>.<\/p>\n\n\n\n<p>Os&nbsp;<strong>relacionamentos conturbados<\/strong>&nbsp;de&nbsp;<strong>Eduardo Costa<\/strong>&nbsp;sempre foram alvo de manchetes. Entre idas e vindas com celebridades como Helen Ganzarolli e Vict\u00f3ria Villarim, o cantor protagonizou rompimentos repletos de pol\u00eamicas.<\/p>\n\n\n\n<p>Em uma ocasi\u00e3o,&nbsp;<strong>implorou perd\u00e3o<\/strong>&nbsp;publicamente, tentando reatar uma rela\u00e7\u00e3o que j\u00e1 havia terminado em briga. Em outra, foi acusado de&nbsp;<strong>invadir a intimidade<\/strong>&nbsp;de uma ex-companheira ao divulgar conte\u00fados pessoais.<\/p>\n\n\n\n<p>Em 2020,&nbsp;<strong>Eduardo Costa<\/strong>&nbsp;enfrentou uma acusa\u00e7\u00e3o de&nbsp;<strong>estelionato<\/strong>, ao supostamente vender um im\u00f3vel de luxo para mais de uma pessoa. O caso teve repercuss\u00e3o nacional.<\/p>\n\n\n\n<p><em>\u201cEst\u00e3o tentando me destruir com mentiras\u201d<\/em>, afirmou ao tentar se defender da acusa\u00e7\u00e3o. Apesar de alegar inoc\u00eancia, o dano \u00e0 sua imagem foi imediato.<\/p>\n\n\n\n<p><a href=\"https:\/\/movimentocountry.com\/noticias\/eduardo-costa-passado-tragico\/\">FONTE: MOVIMENTO COUNTRY <\/a><\/p>\n\n\n\n<p><\/p>\n","protected":false},"excerpt":{"rendered":"<p>A hist\u00f3ria de&nbsp;Eduardo Costa&nbsp;come\u00e7a com a&nbsp;pobreza extrema&nbsp;no interior de Minas Gerais. Nascido em Abre Campo, ele cresceu em uma fam\u00edlia simples, enfrentando dificuldades financeiras severas. Trabalhou como pedreiro, vendedor de picol\u00e9 e at\u00e9 limpador de t\u00famulos. Sem recursos, muitas vezes passava fome e dormia no ch\u00e3o. Foi nesse ambiente de priva\u00e7\u00f5es que encontrou na m\u00fasica uma sa\u00edda.&nbsp;\u201cN\u00e3o tinha nada, s\u00f3 a vontade de vencer\u201d, revelou em uma entrevista onde&nbsp;exp\u00f4s a verdade&nbsp;sobre seu passado. Em 2011, um\u00a0acidente a\u00e9reo\u00a0mudou drasticamente a vida do cantor. A aeronave em que estava fez um pouso for\u00e7ado, e ele sofreu\u00a0ferimentos graves no rosto, especialmente no nariz, o que exigiu cirurgias reconstrutivas. \u201cAchei que minha carreira tinha acabado ali\u201d, declarou ao relembrar o epis\u00f3dio. O trauma f\u00edsico se somou a crises emocionais, fazendo com que o artista enfrentasse momentos profundos de\u00a0depress\u00e3o e medo. Os&nbsp;relacionamentos conturbados&nbsp;de&nbsp;Eduardo Costa&nbsp;sempre foram alvo de manchetes. Entre idas e vindas com celebridades como Helen Ganzarolli e Vict\u00f3ria Villarim, o cantor protagonizou rompimentos repletos de pol\u00eamicas. Em uma ocasi\u00e3o,&nbsp;implorou perd\u00e3o&nbsp;publicamente, tentando reatar uma rela\u00e7\u00e3o que j\u00e1 havia terminado em briga. Em outra, foi acusado de&nbsp;invadir a intimidade&nbsp;de uma ex-companheira ao divulgar conte\u00fados pessoais. Em 2020,&nbsp;Eduardo Costa&nbsp;enfrentou uma acusa\u00e7\u00e3o de&nbsp;estelionato, ao supostamente vender um im\u00f3vel de luxo para mais de uma pessoa. O caso teve repercuss\u00e3o nacional. \u201cEst\u00e3o tentando me destruir com mentiras\u201d, afirmou ao tentar se defender da acusa\u00e7\u00e3o. Apesar de alegar inoc\u00eancia, o dano \u00e0 sua imagem foi imediato. FONTE: MOVIMENTO COUNTRY<\/p>\n","protected":false},"author":1,"featured_media":1024,"comment_status":"open","ping_status":"open","sticky":false,"template":"","format":"standard","meta":{"footnotes":""},"categories":[1],"tags":[],"class_list":["post-1023","post","type-post","status-publish","format-standard","has-post-thumbnail","hentry","category-sem-categoria"],"_links":{"self":[{"href":"https:\/\/educadoramoc.com\/index.php?rest_route=\/wp\/v2\/posts\/1023","targetHints":{"allow":["GET"]}}],"collection":[{"href":"https:\/\/educadoramoc.com\/index.php?rest_route=\/wp\/v2\/posts"}],"about":[{"href":"https:\/\/educadoramoc.com\/index.php?rest_route=\/wp\/v2\/types\/post"}],"author":[{"embeddable":true,"href":"https:\/\/educadoramoc.com\/index.php?rest_route=\/wp\/v2\/users\/1"}],"replies":[{"embeddable":true,"href":"https:\/\/educadoramoc.com\/index.php?rest_route=%2Fwp%2Fv2%2Fcomments&post=1023"}],"version-history":[{"count":1,"href":"https:\/\/educadoramoc.com\/index.php?rest_route=\/wp\/v2\/posts\/1023\/revisions"}],"predecessor-version":[{"id":1025,"href":"https:\/\/educadoramoc.com\/index.php?rest_route=\/wp\/v2\/posts\/1023\/revisions\/1025"}],"wp:featuredmedia":[{"embeddable":true,"href":"https:\/\/educadoramoc.com\/index.php?rest_route=\/wp\/v2\/media\/1024"}],"wp:attachment":[{"href":"https:\/\/educadoramoc.com\/index.php?rest_route=%2Fwp%2Fv2%2Fmedia&parent=1023"}],"wp:term":[{"taxonomy":"category","embeddable":true,"href":"https:\/\/educadoramoc.com\/index.php?rest_route=%2Fwp%2Fv2%2Fcategories&post=1023"},{"taxonomy":"post_tag","embeddable":true,"href":"https:\/\/educadoramoc.com\/index.php?rest_route=%2Fwp%2Fv2%2Ftags&post=1023"}],"curies":[{"name":"wp","href":"https:\/\/api.w.org\/{rel}","templated":true}]}}