{"id":1017,"date":"2025-05-07T09:07:48","date_gmt":"2025-05-07T12:07:48","guid":{"rendered":"https:\/\/educadoramoc.com\/?p=1017"},"modified":"2025-05-07T09:07:48","modified_gmt":"2025-05-07T12:07:48","slug":"alexandre-pires-vai-comecar-a-cantar-sertanejo-entenda","status":"publish","type":"post","link":"https:\/\/educadoramoc.com\/?p=1017","title":{"rendered":"Alexandre Pires vai come\u00e7ar a cantar sertanejo? Entenda"},"content":{"rendered":"\n<p><a href=\"https:\/\/www.facebook.com\/sharer.php?u=https%3A%2F%2Fsertanejotododia.com.br%2Falexandre-pires-vai-comecar-a-cantar-sertanejo-entenda%2F\"><br><\/a><a href=\"https:\/\/twitter.com\/intent\/tweet?text=Alexandre+Pires+vai+come%C3%A7ar+a+cantar+sertanejo%3F+Entenda&amp;url=https%3A%2F%2Fsertanejotododia.com.br%2Falexandre-pires-vai-comecar-a-cantar-sertanejo-entenda%2F&amp;via=\"><\/a><a href=\"https:\/\/sertanejotododia.com.br\/alexandre-pires-vai-comecar-a-cantar-sertanejo-entenda\/#\"><\/a><a href=\"javascript:if(window.print)window.print()\"><\/a><a href=\"https:\/\/sertanejotododia.com.br\/alexandre-pires-vai-comecar-a-cantar-sertanejo-entenda\/#\"><\/a><\/p>\n\n\n\n<p>Alexandre Pires, um dos \u00edcones do pagode brasileiro, est\u00e1 expandindo seus horizontes musicais com um projeto que promete unir dois g\u00eaneros populares no Brasil: o pagode e o sertanejo. Este projeto, intitulado&nbsp;<strong>\u201cPagonejo B\u00e3o\u201d<\/strong>, marca uma nova fase na carreira do cantor, que j\u00e1 \u00e9 conhecido por suas colabora\u00e7\u00f5es com artistas sertanejos.<\/p>\n\n\n\n<p>O \u201cPagonejo B\u00e3o\u201d \u00e9 um projeto ambicioso que visa consagrar Alexandre Pires como um precursor do estilo\u00a0<em>pagonejo<\/em>, uma mistura de pagode com sertanejo. A proposta \u00e9 trazer um repert\u00f3rio que una as batidas caracter\u00edsticas do pagode com as melodias e tem\u00e1ticas do sertanejo, criando uma experi\u00eancia musical \u00fanica.<\/p>\n\n\n\n<p>Dividido em tr\u00eas partes, o projeto contar\u00e1 com um total de 24 m\u00fasicas, sendo que as primeiras oito faixas j\u00e1 est\u00e3o dispon\u00edveis nas plataformas de \u00e1udio. Estas incluem regrava\u00e7\u00f5es de sucessos recentes do sertanejo, al\u00e9m de uma can\u00e7\u00e3o in\u00e9dita intitulada \u201cDe Ex Pra Ex\u201d, com a participa\u00e7\u00e3o especial de Lauana Prado.<\/p>\n\n\n\n<p>O primeiro lan\u00e7amento do projeto inclui reinterpreta\u00e7\u00f5es de hits da m\u00fasica sertaneja, como \u201cCuida Bem Dela\u201d de Henrique e Juliano, \u201cBarulho do Foguete\u201d de Z\u00e9 Neto e Cristiano, e \u201cComo Faz Com Ele\u201d de Mar\u00edlia Mendon\u00e7a. Al\u00e9m disso, Alexandre Pires apresenta um medley de \u201cOi Vida \/ Fala Mal de Mim\u201d de Gusttavo Lima, entre outros sucessos.<\/p>\n\n\n\n<p><a href=\"https:\/\/sertanejotododia.com.br\/alexandre-pires-vai-comecar-a-cantar-sertanejo-entenda\/\">FONTE:STD<\/a><\/p>\n\n\n\n<p><\/p>\n","protected":false},"excerpt":{"rendered":"<p>Alexandre Pires, um dos \u00edcones do pagode brasileiro, est\u00e1 expandindo seus horizontes musicais com um projeto que promete unir dois g\u00eaneros populares no Brasil: o pagode e o sertanejo. Este projeto, intitulado&nbsp;\u201cPagonejo B\u00e3o\u201d, marca uma nova fase na carreira do cantor, que j\u00e1 \u00e9 conhecido por suas colabora\u00e7\u00f5es com artistas sertanejos. O \u201cPagonejo B\u00e3o\u201d \u00e9 um projeto ambicioso que visa consagrar Alexandre Pires como um precursor do estilo\u00a0pagonejo, uma mistura de pagode com sertanejo. A proposta \u00e9 trazer um repert\u00f3rio que una as batidas caracter\u00edsticas do pagode com as melodias e tem\u00e1ticas do sertanejo, criando uma experi\u00eancia musical \u00fanica. Dividido em tr\u00eas partes, o projeto contar\u00e1 com um total de 24 m\u00fasicas, sendo que as primeiras oito faixas j\u00e1 est\u00e3o dispon\u00edveis nas plataformas de \u00e1udio. Estas incluem regrava\u00e7\u00f5es de sucessos recentes do sertanejo, al\u00e9m de uma can\u00e7\u00e3o in\u00e9dita intitulada \u201cDe Ex Pra Ex\u201d, com a participa\u00e7\u00e3o especial de Lauana Prado. O primeiro lan\u00e7amento do projeto inclui reinterpreta\u00e7\u00f5es de hits da m\u00fasica sertaneja, como \u201cCuida Bem Dela\u201d de Henrique e Juliano, \u201cBarulho do Foguete\u201d de Z\u00e9 Neto e Cristiano, e \u201cComo Faz Com Ele\u201d de Mar\u00edlia Mendon\u00e7a. Al\u00e9m disso, Alexandre Pires apresenta um medley de \u201cOi Vida \/ Fala Mal de Mim\u201d de Gusttavo Lima, entre outros sucessos. FONTE:STD<\/p>\n","protected":false},"author":1,"featured_media":1018,"comment_status":"open","ping_status":"open","sticky":false,"template":"","format":"standard","meta":{"footnotes":""},"categories":[1],"tags":[],"class_list":["post-1017","post","type-post","status-publish","format-standard","has-post-thumbnail","hentry","category-sem-categoria"],"_links":{"self":[{"href":"https:\/\/educadoramoc.com\/index.php?rest_route=\/wp\/v2\/posts\/1017","targetHints":{"allow":["GET"]}}],"collection":[{"href":"https:\/\/educadoramoc.com\/index.php?rest_route=\/wp\/v2\/posts"}],"about":[{"href":"https:\/\/educadoramoc.com\/index.php?rest_route=\/wp\/v2\/types\/post"}],"author":[{"embeddable":true,"href":"https:\/\/educadoramoc.com\/index.php?rest_route=\/wp\/v2\/users\/1"}],"replies":[{"embeddable":true,"href":"https:\/\/educadoramoc.com\/index.php?rest_route=%2Fwp%2Fv2%2Fcomments&post=1017"}],"version-history":[{"count":1,"href":"https:\/\/educadoramoc.com\/index.php?rest_route=\/wp\/v2\/posts\/1017\/revisions"}],"predecessor-version":[{"id":1019,"href":"https:\/\/educadoramoc.com\/index.php?rest_route=\/wp\/v2\/posts\/1017\/revisions\/1019"}],"wp:featuredmedia":[{"embeddable":true,"href":"https:\/\/educadoramoc.com\/index.php?rest_route=\/wp\/v2\/media\/1018"}],"wp:attachment":[{"href":"https:\/\/educadoramoc.com\/index.php?rest_route=%2Fwp%2Fv2%2Fmedia&parent=1017"}],"wp:term":[{"taxonomy":"category","embeddable":true,"href":"https:\/\/educadoramoc.com\/index.php?rest_route=%2Fwp%2Fv2%2Fcategories&post=1017"},{"taxonomy":"post_tag","embeddable":true,"href":"https:\/\/educadoramoc.com\/index.php?rest_route=%2Fwp%2Fv2%2Ftags&post=1017"}],"curies":[{"name":"wp","href":"https:\/\/api.w.org\/{rel}","templated":true}]}}