{"id":1014,"date":"2025-05-05T09:51:44","date_gmt":"2025-05-05T12:51:44","guid":{"rendered":"https:\/\/educadoramoc.com\/?p=1014"},"modified":"2025-05-05T09:51:45","modified_gmt":"2025-05-05T12:51:45","slug":"paula-fernandes-desabafa-sobre-magoa-com-luan-santana-apos-gravacao","status":"publish","type":"post","link":"https:\/\/educadoramoc.com\/?p=1014","title":{"rendered":"Paula Fernandes desabafa sobre m\u00e1goa com Luan Santana ap\u00f3s grava\u00e7\u00e3o"},"content":{"rendered":"\n<p>Paula Fernandes e Luan Santana s\u00e3o dois dos maiores nomes da m\u00fasica sertaneja no Brasil. Com trajet\u00f3rias brilhantes, ambos conquistaram milh\u00f5es de f\u00e3s e grandes pr\u00eamios na ind\u00fastria. No entanto, \u00e9 nos bastidores que muitas vezes ocorrem tens\u00f5es que o p\u00fablico desconhece. Durante sua participa\u00e7\u00e3o no \u201cPod Delas\u201d, Paula revelou um epis\u00f3dio espec\u00edfico que causou o t\u00e9rmino de sua amizade com Luan.<\/p>\n\n\n\n<p>A cantora contou que, durante a grava\u00e7\u00e3o de seu DVD, Luan n\u00e3o compareceu, deixando-a &#8220;sozinha na miss\u00e3o&#8221;. Essa aus\u00eancia n\u00e3o foi apenas uma falta de afinidade, mas sim um marco que levou Paula a decidir cortar o contato com o cantor. \u201cFiquei sozinha e shallow now\u201d, declarou, fazendo refer\u00eancia ao sucesso de sua vers\u00e3o da m\u00fasica \u201cShallow\u201d.<\/p>\n\n\n\n<p>Depois de toda a controv\u00e9rsia, Paula deixou claro que n\u00e3o guarda m\u00e1goas de Luan. \u201c\u00c1guas passadas, n\u00e3o guardo rancor de ningu\u00e9m\u201d, afirmou, enfatizando que sua decis\u00e3o de cortar la\u00e7os foi baseada em uma experi\u00eancia dolorosa, mas n\u00e3o necessariamente em um ressentimento. A cantora explicou que a rela\u00e7\u00e3o desconfort\u00e1vel estava ligada ao epis\u00f3dio do \u201cbolo\u201d, onde Luan n\u00e3o compareceu \u00e0 grava\u00e7\u00e3o do DVD.<\/p>\n\n\n\n<p>Por outro lado, Luan tamb\u00e9m se pronunciou sobre o assunto em 2019, revelando que ele e Paula n\u00e3o mantinham mais contato, mas que ainda a admirava. \u201cQuero falar com ela, quero chamar\u201d, afirmou Luan, deixando a porta aberta para uma poss\u00edvel reconcilia\u00e7\u00e3o.<\/p>\n\n\n\n<p><a href=\"https:\/\/movimentocountry.com\/noticias\/paula-fernandes-desabafa-sobre-magoa-com-luan-santana-apos-gravacao\/\">FONTE: MOVIMENTO COUNTRY <\/a><\/p>\n\n\n\n<p><\/p>\n","protected":false},"excerpt":{"rendered":"<p>Paula Fernandes e Luan Santana s\u00e3o dois dos maiores nomes da m\u00fasica sertaneja no Brasil. Com trajet\u00f3rias brilhantes, ambos conquistaram milh\u00f5es de f\u00e3s e grandes pr\u00eamios na ind\u00fastria. No entanto, \u00e9 nos bastidores que muitas vezes ocorrem tens\u00f5es que o p\u00fablico desconhece. Durante sua participa\u00e7\u00e3o no \u201cPod Delas\u201d, Paula revelou um epis\u00f3dio espec\u00edfico que causou o t\u00e9rmino de sua amizade com Luan. A cantora contou que, durante a grava\u00e7\u00e3o de seu DVD, Luan n\u00e3o compareceu, deixando-a &#8220;sozinha na miss\u00e3o&#8221;. Essa aus\u00eancia n\u00e3o foi apenas uma falta de afinidade, mas sim um marco que levou Paula a decidir cortar o contato com o cantor. \u201cFiquei sozinha e shallow now\u201d, declarou, fazendo refer\u00eancia ao sucesso de sua vers\u00e3o da m\u00fasica \u201cShallow\u201d. Depois de toda a controv\u00e9rsia, Paula deixou claro que n\u00e3o guarda m\u00e1goas de Luan. \u201c\u00c1guas passadas, n\u00e3o guardo rancor de ningu\u00e9m\u201d, afirmou, enfatizando que sua decis\u00e3o de cortar la\u00e7os foi baseada em uma experi\u00eancia dolorosa, mas n\u00e3o necessariamente em um ressentimento. A cantora explicou que a rela\u00e7\u00e3o desconfort\u00e1vel estava ligada ao epis\u00f3dio do \u201cbolo\u201d, onde Luan n\u00e3o compareceu \u00e0 grava\u00e7\u00e3o do DVD. Por outro lado, Luan tamb\u00e9m se pronunciou sobre o assunto em 2019, revelando que ele e Paula n\u00e3o mantinham mais contato, mas que ainda a admirava. \u201cQuero falar com ela, quero chamar\u201d, afirmou Luan, deixando a porta aberta para uma poss\u00edvel reconcilia\u00e7\u00e3o. FONTE: MOVIMENTO COUNTRY<\/p>\n","protected":false},"author":1,"featured_media":1015,"comment_status":"open","ping_status":"open","sticky":false,"template":"","format":"standard","meta":{"footnotes":""},"categories":[1],"tags":[],"class_list":["post-1014","post","type-post","status-publish","format-standard","has-post-thumbnail","hentry","category-sem-categoria"],"_links":{"self":[{"href":"https:\/\/educadoramoc.com\/index.php?rest_route=\/wp\/v2\/posts\/1014","targetHints":{"allow":["GET"]}}],"collection":[{"href":"https:\/\/educadoramoc.com\/index.php?rest_route=\/wp\/v2\/posts"}],"about":[{"href":"https:\/\/educadoramoc.com\/index.php?rest_route=\/wp\/v2\/types\/post"}],"author":[{"embeddable":true,"href":"https:\/\/educadoramoc.com\/index.php?rest_route=\/wp\/v2\/users\/1"}],"replies":[{"embeddable":true,"href":"https:\/\/educadoramoc.com\/index.php?rest_route=%2Fwp%2Fv2%2Fcomments&post=1014"}],"version-history":[{"count":1,"href":"https:\/\/educadoramoc.com\/index.php?rest_route=\/wp\/v2\/posts\/1014\/revisions"}],"predecessor-version":[{"id":1016,"href":"https:\/\/educadoramoc.com\/index.php?rest_route=\/wp\/v2\/posts\/1014\/revisions\/1016"}],"wp:featuredmedia":[{"embeddable":true,"href":"https:\/\/educadoramoc.com\/index.php?rest_route=\/wp\/v2\/media\/1015"}],"wp:attachment":[{"href":"https:\/\/educadoramoc.com\/index.php?rest_route=%2Fwp%2Fv2%2Fmedia&parent=1014"}],"wp:term":[{"taxonomy":"category","embeddable":true,"href":"https:\/\/educadoramoc.com\/index.php?rest_route=%2Fwp%2Fv2%2Fcategories&post=1014"},{"taxonomy":"post_tag","embeddable":true,"href":"https:\/\/educadoramoc.com\/index.php?rest_route=%2Fwp%2Fv2%2Ftags&post=1014"}],"curies":[{"name":"wp","href":"https:\/\/api.w.org\/{rel}","templated":true}]}}