{"id":1010,"date":"2025-05-02T09:40:19","date_gmt":"2025-05-02T12:40:19","guid":{"rendered":"https:\/\/educadoramoc.com\/?p=1010"},"modified":"2025-05-02T09:40:20","modified_gmt":"2025-05-02T12:40:20","slug":"apos-criticas-maraisa-deleta-video-de-musica-que-cita-transtorno-mental","status":"publish","type":"post","link":"https:\/\/educadoramoc.com\/?p=1010","title":{"rendered":"Ap\u00f3s cr\u00edticas, Maraisa deleta v\u00eddeo de m\u00fasica que cita transtorno mental"},"content":{"rendered":"\n<p>A cantora\u00a0<strong>Maraisa<\/strong>, 37, deletou um v\u00eddeo recente em que cantava uma m\u00fasica citando o transtorno de personalidade borderline. Nas redes sociais, a publica\u00e7\u00e3o gerou uma s\u00e9rie de cr\u00edticas entre f\u00e3s e seguidores que acompanham o trabalho da sertaneja, dupla com\u00a0<strong>Maiara<\/strong>, 37.<\/p>\n\n\n\n<p>Na can\u00e7\u00e3o em si, havia uma indica\u00e7\u00e3o de que para diagnosticar o\u00a0<a href=\"https:\/\/www.cnnbrasil.com.br\/saude\/cerca-de-40-dos-medicos-podem-desenvolver-transtornos-psicologicos-diz-estudo\/\" target=\"_blank\" rel=\"noreferrer noopener\">Transtorno de Personalidade Borderline<\/a>\u00a0(TPB) n\u00e3o h\u00e1 necessidade de registro no Conselho Regional de Medicina (CRM).<\/p>\n\n\n\n<p>Assim, a artista cantava: \u201cOlha aqui eu tenho que abrir seu olho para esse relacionamento. Nem preciso de CRM para diagnosticar essa loucura que est\u00e1 vivendo. Fiquei sabendo que ele namorou outras pessoa. Para cada uma ele foi um personagem. Esse perfil se encaixa em uma personalidade&nbsp;<a href=\"https:\/\/www.cnnbrasil.com.br\/saude\/borderline-entenda-o-que-e-o-transtorno-e-principais-sintomas\/\" target=\"_blank\" rel=\"noreferrer noopener\">borderline<\/a>. Repara, ele te isolou de todo mundo, n\u00e3o romantize esse absurdo. Ele \u00e9 inst\u00e1vel, ele \u00e9 intenso, ele \u00e9 extremo, e nesses casos todo mundo sofre junto. Ele nem preciso de voc\u00ea nem do seu sentimento, s\u00f3 de tratamento\u201d.<\/p>\n\n\n\n<p>Com o v\u00eddeo ainda no ar, internautas alegaram que a letra zombava da doen\u00e7a, al\u00e9m de diminuir a dor daqueles que foram diagnosticados com o problema. \u201cSem respeito e empatia com quem possui esse diagn\u00f3stico. Com mais de 2 milh\u00f5es de diagn\u00f3sticos no Brasil com essa m\u00fasica ela espalha desinforma\u00e7\u00e3o e preconceito\u201d, disse um usu\u00e1rio do X, antigo Twitter.<\/p>\n\n\n\n<p>\u201cMaraisa mandou super mal com essa m\u00fasica chamando borderline de maluco. Al\u00e9m de descrever algumas atitudes que nem s\u00e3o comuns, alimenta desinforma\u00e7\u00e3o, preconceito e bullying\u201d, escreveu outro.<\/p>\n\n\n\n<p>A modelo\u00a0<a href=\"https:\/\/www.cnnbrasil.com.br\/entretenimento\/andressa-urach-ataca-maraisa-apos-nova-musica-da-cantora-e-crime\/\" target=\"_blank\" rel=\"noreferrer noopener\">Andressa Urach j\u00e1 havia se pronunciado<\/a>\u00a0sobre a pol\u00eamica, j\u00e1 que \u00e9 diagnosticada com a doen\u00e7a. Ela pediu aos seguidores para que denunciassem a artista ao Minist\u00e9rio P\u00fablico. \u201cPsicofobia \u00e9 crime\u201d, falou.<\/p>\n\n\n\n<p><a href=\"https:\/\/www.cnnbrasil.com.br\/entretenimento\/apos-criticas-maraisa-deleta-video-de-musica-que-cita-transtorno-mental\/#goog_rewarded\">FONTE: CNN <\/a><\/p>\n\n\n\n<p><\/p>\n","protected":false},"excerpt":{"rendered":"<p>A cantora\u00a0Maraisa, 37, deletou um v\u00eddeo recente em que cantava uma m\u00fasica citando o transtorno de personalidade borderline. Nas redes sociais, a publica\u00e7\u00e3o gerou uma s\u00e9rie de cr\u00edticas entre f\u00e3s e seguidores que acompanham o trabalho da sertaneja, dupla com\u00a0Maiara, 37. Na can\u00e7\u00e3o em si, havia uma indica\u00e7\u00e3o de que para diagnosticar o\u00a0Transtorno de Personalidade Borderline\u00a0(TPB) n\u00e3o h\u00e1 necessidade de registro no Conselho Regional de Medicina (CRM). Assim, a artista cantava: \u201cOlha aqui eu tenho que abrir seu olho para esse relacionamento. Nem preciso de CRM para diagnosticar essa loucura que est\u00e1 vivendo. Fiquei sabendo que ele namorou outras pessoa. Para cada uma ele foi um personagem. Esse perfil se encaixa em uma personalidade&nbsp;borderline. Repara, ele te isolou de todo mundo, n\u00e3o romantize esse absurdo. Ele \u00e9 inst\u00e1vel, ele \u00e9 intenso, ele \u00e9 extremo, e nesses casos todo mundo sofre junto. Ele nem preciso de voc\u00ea nem do seu sentimento, s\u00f3 de tratamento\u201d. Com o v\u00eddeo ainda no ar, internautas alegaram que a letra zombava da doen\u00e7a, al\u00e9m de diminuir a dor daqueles que foram diagnosticados com o problema. \u201cSem respeito e empatia com quem possui esse diagn\u00f3stico. Com mais de 2 milh\u00f5es de diagn\u00f3sticos no Brasil com essa m\u00fasica ela espalha desinforma\u00e7\u00e3o e preconceito\u201d, disse um usu\u00e1rio do X, antigo Twitter. \u201cMaraisa mandou super mal com essa m\u00fasica chamando borderline de maluco. Al\u00e9m de descrever algumas atitudes que nem s\u00e3o comuns, alimenta desinforma\u00e7\u00e3o, preconceito e bullying\u201d, escreveu outro. A modelo\u00a0Andressa Urach j\u00e1 havia se pronunciado\u00a0sobre a pol\u00eamica, j\u00e1 que \u00e9 diagnosticada com a doen\u00e7a. Ela pediu aos seguidores para que denunciassem a artista ao Minist\u00e9rio P\u00fablico. \u201cPsicofobia \u00e9 crime\u201d, falou. FONTE: CNN<\/p>\n","protected":false},"author":1,"featured_media":1011,"comment_status":"open","ping_status":"open","sticky":false,"template":"","format":"standard","meta":{"footnotes":""},"categories":[1],"tags":[],"class_list":["post-1010","post","type-post","status-publish","format-standard","has-post-thumbnail","hentry","category-sem-categoria"],"_links":{"self":[{"href":"https:\/\/educadoramoc.com\/index.php?rest_route=\/wp\/v2\/posts\/1010","targetHints":{"allow":["GET"]}}],"collection":[{"href":"https:\/\/educadoramoc.com\/index.php?rest_route=\/wp\/v2\/posts"}],"about":[{"href":"https:\/\/educadoramoc.com\/index.php?rest_route=\/wp\/v2\/types\/post"}],"author":[{"embeddable":true,"href":"https:\/\/educadoramoc.com\/index.php?rest_route=\/wp\/v2\/users\/1"}],"replies":[{"embeddable":true,"href":"https:\/\/educadoramoc.com\/index.php?rest_route=%2Fwp%2Fv2%2Fcomments&post=1010"}],"version-history":[{"count":1,"href":"https:\/\/educadoramoc.com\/index.php?rest_route=\/wp\/v2\/posts\/1010\/revisions"}],"predecessor-version":[{"id":1012,"href":"https:\/\/educadoramoc.com\/index.php?rest_route=\/wp\/v2\/posts\/1010\/revisions\/1012"}],"wp:featuredmedia":[{"embeddable":true,"href":"https:\/\/educadoramoc.com\/index.php?rest_route=\/wp\/v2\/media\/1011"}],"wp:attachment":[{"href":"https:\/\/educadoramoc.com\/index.php?rest_route=%2Fwp%2Fv2%2Fmedia&parent=1010"}],"wp:term":[{"taxonomy":"category","embeddable":true,"href":"https:\/\/educadoramoc.com\/index.php?rest_route=%2Fwp%2Fv2%2Fcategories&post=1010"},{"taxonomy":"post_tag","embeddable":true,"href":"https:\/\/educadoramoc.com\/index.php?rest_route=%2Fwp%2Fv2%2Ftags&post=1010"}],"curies":[{"name":"wp","href":"https:\/\/api.w.org\/{rel}","templated":true}]}}