{"id":1002,"date":"2025-04-29T08:58:29","date_gmt":"2025-04-29T11:58:29","guid":{"rendered":"https:\/\/educadoramoc.com\/?p=1002"},"modified":"2025-04-29T08:58:31","modified_gmt":"2025-04-29T11:58:31","slug":"joao-guilherme-pega-os-fas-de-surpresa-ao-dizer-que-vai-fazer-shows-ao-lado-do-pai-leonardo","status":"publish","type":"post","link":"https:\/\/educadoramoc.com\/?p=1002","title":{"rendered":"Jo\u00e3o Guilherme pega os f\u00e3s de surpresa ao dizer que vai fazer shows ao lado do pai Leonardo"},"content":{"rendered":"\n<p><a href=\"https:\/\/www.facebook.com\/sharer.php?u=https%3A%2F%2Fsertanejotododia.com.br%2Fjoao-guilherme-pega-os-fas-de-surpresa-ao-dizer-que-vai-fazer-shows-ao-lado-do-pai-leonardo%2F\"><br><\/a><a href=\"https:\/\/twitter.com\/intent\/tweet?text=Jo%C3%A3o+Guilherme+pega+os+f%C3%A3s+de+surpresa+ao+dizer+que+vai+fazer+shows+ao+lado+do+pai+Leonardo&amp;url=https%3A%2F%2Fsertanejotododia.com.br%2Fjoao-guilherme-pega-os-fas-de-surpresa-ao-dizer-que-vai-fazer-shows-ao-lado-do-pai-leonardo%2F&amp;via=\"><\/a><a href=\"https:\/\/sertanejotododia.com.br\/joao-guilherme-pega-os-fas-de-surpresa-ao-dizer-que-vai-fazer-shows-ao-lado-do-pai-leonardo\/#\"><\/a><a href=\"javascript:if(window.print)window.print()\"><\/a><a href=\"https:\/\/sertanejotododia.com.br\/joao-guilherme-pega-os-fas-de-surpresa-ao-dizer-que-vai-fazer-shows-ao-lado-do-pai-leonardo\/#\"><\/a><\/p>\n\n\n\n<p>Em 2025, a rela\u00e7\u00e3o entre Jo\u00e3o Guilherme \u00c1vila e seu pai, o cantor Leonardo, tem sido um tema de interesse para muitos f\u00e3s e seguidores. Recentemente, os dois foram vistos juntos em um aeroporto, o que gerou especula\u00e7\u00f5es sobre uma poss\u00edvel reaproxima\u00e7\u00e3o entre pai e filho.<\/p>\n\n\n\n<p>A imagem, compartilhada por Leonardo em suas redes sociais, mostrava um momento descontra\u00eddo entre os dois, com o cantor adicionando um emoji de cora\u00e7\u00e3o azul \u00e0 legenda.<\/p>\n\n\n\n<p>Jo\u00e3o Guilherme, conhecido por sua carreira como ator e cantor, respondeu \u00e0 publica\u00e7\u00e3o do pai com carinho, chamando a aten\u00e7\u00e3o dos f\u00e3s para a rela\u00e7\u00e3o amistosa que parece estar se desenvolvendo entre eles. Este gesto p\u00fablico de afeto foi recebido com entusiasmo pelos seguidores, que torcem por uma rela\u00e7\u00e3o mais pr\u00f3xima entre os dois.<\/p>\n\n\n\n<p>Ap\u00f3s a publica\u00e7\u00e3o no aeroporto, Jo\u00e3o Guilherme usou suas redes sociais para brincar com a ideia de formar uma dupla musical com seu pai. Em uma postagem divertida, ele sugeriu que estaria se apresentando ao lado de Leonardo em dois shows futuros. A brincadeira gerou uma onda de coment\u00e1rios e especula\u00e7\u00f5es entre os f\u00e3s, que por um momento acreditaram na possibilidade de ver pai e filho juntos nos palcos.<\/p>\n\n\n\n<p>No entanto, Jo\u00e3o Guilherme rapidamente esclareceu que tudo n\u00e3o passava de uma brincadeira, utilizando seus stories para desfazer qualquer mal-entendido. A intera\u00e7\u00e3o l\u00fadica entre os dois nas redes sociais refor\u00e7ou a ideia de que a rela\u00e7\u00e3o est\u00e1 em um bom momento, mesmo que a parceria musical n\u00e3o seja real.<\/p>\n\n\n\n<p>FONTE: STD <\/p>\n","protected":false},"excerpt":{"rendered":"<p>Em 2025, a rela\u00e7\u00e3o entre Jo\u00e3o Guilherme \u00c1vila e seu pai, o cantor Leonardo, tem sido um tema de interesse para muitos f\u00e3s e seguidores. Recentemente, os dois foram vistos juntos em um aeroporto, o que gerou especula\u00e7\u00f5es sobre uma poss\u00edvel reaproxima\u00e7\u00e3o entre pai e filho. A imagem, compartilhada por Leonardo em suas redes sociais, mostrava um momento descontra\u00eddo entre os dois, com o cantor adicionando um emoji de cora\u00e7\u00e3o azul \u00e0 legenda. Jo\u00e3o Guilherme, conhecido por sua carreira como ator e cantor, respondeu \u00e0 publica\u00e7\u00e3o do pai com carinho, chamando a aten\u00e7\u00e3o dos f\u00e3s para a rela\u00e7\u00e3o amistosa que parece estar se desenvolvendo entre eles. Este gesto p\u00fablico de afeto foi recebido com entusiasmo pelos seguidores, que torcem por uma rela\u00e7\u00e3o mais pr\u00f3xima entre os dois. Ap\u00f3s a publica\u00e7\u00e3o no aeroporto, Jo\u00e3o Guilherme usou suas redes sociais para brincar com a ideia de formar uma dupla musical com seu pai. Em uma postagem divertida, ele sugeriu que estaria se apresentando ao lado de Leonardo em dois shows futuros. A brincadeira gerou uma onda de coment\u00e1rios e especula\u00e7\u00f5es entre os f\u00e3s, que por um momento acreditaram na possibilidade de ver pai e filho juntos nos palcos. No entanto, Jo\u00e3o Guilherme rapidamente esclareceu que tudo n\u00e3o passava de uma brincadeira, utilizando seus stories para desfazer qualquer mal-entendido. A intera\u00e7\u00e3o l\u00fadica entre os dois nas redes sociais refor\u00e7ou a ideia de que a rela\u00e7\u00e3o est\u00e1 em um bom momento, mesmo que a parceria musical n\u00e3o seja real. FONTE: STD<\/p>\n","protected":false},"author":1,"featured_media":1003,"comment_status":"open","ping_status":"open","sticky":false,"template":"","format":"standard","meta":{"footnotes":""},"categories":[1],"tags":[],"class_list":["post-1002","post","type-post","status-publish","format-standard","has-post-thumbnail","hentry","category-sem-categoria"],"_links":{"self":[{"href":"https:\/\/educadoramoc.com\/index.php?rest_route=\/wp\/v2\/posts\/1002","targetHints":{"allow":["GET"]}}],"collection":[{"href":"https:\/\/educadoramoc.com\/index.php?rest_route=\/wp\/v2\/posts"}],"about":[{"href":"https:\/\/educadoramoc.com\/index.php?rest_route=\/wp\/v2\/types\/post"}],"author":[{"embeddable":true,"href":"https:\/\/educadoramoc.com\/index.php?rest_route=\/wp\/v2\/users\/1"}],"replies":[{"embeddable":true,"href":"https:\/\/educadoramoc.com\/index.php?rest_route=%2Fwp%2Fv2%2Fcomments&post=1002"}],"version-history":[{"count":1,"href":"https:\/\/educadoramoc.com\/index.php?rest_route=\/wp\/v2\/posts\/1002\/revisions"}],"predecessor-version":[{"id":1004,"href":"https:\/\/educadoramoc.com\/index.php?rest_route=\/wp\/v2\/posts\/1002\/revisions\/1004"}],"wp:featuredmedia":[{"embeddable":true,"href":"https:\/\/educadoramoc.com\/index.php?rest_route=\/wp\/v2\/media\/1003"}],"wp:attachment":[{"href":"https:\/\/educadoramoc.com\/index.php?rest_route=%2Fwp%2Fv2%2Fmedia&parent=1002"}],"wp:term":[{"taxonomy":"category","embeddable":true,"href":"https:\/\/educadoramoc.com\/index.php?rest_route=%2Fwp%2Fv2%2Fcategories&post=1002"},{"taxonomy":"post_tag","embeddable":true,"href":"https:\/\/educadoramoc.com\/index.php?rest_route=%2Fwp%2Fv2%2Ftags&post=1002"}],"curies":[{"name":"wp","href":"https:\/\/api.w.org\/{rel}","templated":true}]}}